{"id":1410,"date":"2025-02-17T08:35:00","date_gmt":"2025-02-17T16:35:00","guid":{"rendered":"https:\/\/smct.duquedecaxias.rj.gov.br\/noticias\/?p=1410"},"modified":"2025-02-21T03:51:08","modified_gmt":"2025-02-21T11:51:08","slug":"veja-datas-e-horarios-dos-blocos-de-rua-de-duque-de-caxias","status":"publish","type":"post","link":"https:\/\/smct.duquedecaxias.rj.gov.br\/noticias\/veja-datas-e-horarios-dos-blocos-de-rua-de-duque-de-caxias\/","title":{"rendered":"Veja datas e hor\u00e1rios dos blocos de rua de Duque de Caxias"},"content":{"rendered":"\n<p>Duque de Caxias vai receber, entre fevereiro e abril, doze blocos de carnaval de rua, que ir\u00e3o desfilar pelos bairros do Centro, Corte Oito, Vila S\u00e3o Lu\u00eds, Saracuruna, Parque Mu\u00edsa, Nova Campinas, Jardim Primavera, Jardim 25 de Agosto, e outras localidades.&nbsp;&nbsp;<\/p>\n\n\n\n<p>O primeiro come\u00e7a nesta sexta-feira (21), com o Bloco Colibri, em Jardim Primavera, e encerra no m\u00eas de abril, com o Bloco Plante Uma Muda, na Vila S\u00e3o Lu\u00eds. Os blocos contam com o apoio da Prefeitura de Duque de Caxias, por meio da Secretaria Municipal de Cultura e Turismo (SMCT\/DC) e outros \u00f3rg\u00e3os municipais.<\/p>\n\n\n\n<p>Veja a lista completa dos blocos de rua em Duque de Caxias:<\/p>\n\n\n\n<p><strong>BLOCO COLIBRI<\/strong><\/p>\n\n\n\n<p>Data: 21 de fevereiro (sexta-feira) &#8211; das 19h \u00e0s 22h;<\/p>\n\n\n\n<p>Local: Rua Alameda Forjaz Coutinho, na Pra\u00e7a Primavera, em Jardim Primavera.<\/p>\n\n\n\n<p><strong>BLOCO EMBALO DE SARACURUNA<\/strong><\/p>\n\n\n\n<p>Data: 22 de fevereiro (s\u00e1bado) &#8211; 14h;<\/p>\n\n\n\n<p>Local: Saindo da Rua Carlos Maia, N\u00b0 8, Parque Jo\u00e3o Pessoa, em Saracuruna.<\/p>\n\n\n\n<p><strong>BLOCO EMPURRA QUE EU CAIO<\/strong><\/p>\n\n\n\n<p>Data: 22 de fevereiro (s\u00e1bado) &#8211; das 20h \u00e0s 00h;<\/p>\n\n\n\n<p>Local: Concentra\u00e7\u00e3o na Rua Euclides Da Cunha. Desfile em Dr. Ot\u00e1vio Ascoli, no Corte Oito.<\/p>\n\n\n\n<p><strong>BLOCO GREMUISA<\/strong><\/p>\n\n\n\n<p>Data: 22 de fevereiro (s\u00e1bado) &#8211; das 17h \u00e0s 22h;<\/p>\n\n\n\n<p>Local: Rua Henrique Rodrigues da Costa, no Parque Muisa.&nbsp;<\/p>\n\n\n\n<p><strong>BLOCO GREMUISA<\/strong><\/p>\n\n\n\n<p>Data: 23 de fevereiro (domingo) &#8211; das 10h \u00e0s 14h;<\/p>\n\n\n\n<p>Local: Rua Henrique Rodrigues da Costa, no Parque Muisa;<\/p>\n\n\n\n<p><strong>BLOCO N\u00c3O MEXE COMIGO<\/strong><\/p>\n\n\n\n<p>Data: 23 de fevereiro (domingo) &#8211; 14h;<\/p>\n\n\n\n<p>Local: Concentra\u00e7\u00e3o na Rua Miguelito, no Parque Paulic\u00e9ia. Desfile em Dr. Albino Imparato, Av. Guanabara e 14 de Julho. Finalizando na Pra\u00e7a Tamoios, na Vila Guanabara.&nbsp;<\/p>\n\n\n\n<p><strong>BLOQUINHO NA BATIDA DO RESPEITO<\/strong><\/p>\n\n\n\n<p>Data: 26 de fevereiro (quarta-feira) &#8211; 9h30;<\/p>\n\n\n\n<p>Local: Concentra\u00e7\u00e3o na Universidade Unigranrio &#8211; Unidade Caxias. Finalizando na Pra\u00e7a Humait\u00e1.<\/p>\n\n\n\n<p><strong>BLOCO PLANTE UMA MUDA<\/strong><\/p>\n\n\n\n<p>Data: 1 de mar\u00e7o (s\u00e1bado) &#8211; das 14h \u00e0s 22h;<\/p>\n\n\n\n<p>Local: Pra\u00e7a da Apoteose, na Vila S\u00e3o Lu\u00eds.&nbsp;<\/p>\n\n\n\n<p><strong>BLOCO IMP\u00c9RIO DA LEOPOLDINA<\/strong><\/p>\n\n\n\n<p>Data: 2 de mar\u00e7o (domingo) &#8211; 19h;<\/p>\n\n\n\n<p>Local: Pra\u00e7a da Leopoldina, desfile na Av. General Rondon, entre os n\u00fameros 3.624 e 852.&nbsp;<\/p>\n\n\n\n<p><strong>BLOCO PRETA X<\/strong><\/p>\n\n\n\n<p>Data: 5 de mar\u00e7o (quarta-feira) &#8211; 13h;<\/p>\n\n\n\n<p>Local: Nas ruas Daniela Perez e Jo\u00e3o, na Pra\u00e7a Da Conquista.&nbsp;<\/p>\n\n\n\n<p><strong>BLOCO ALEGRIA DO CENTEN\u00c1RIO<\/strong><\/p>\n\n\n\n<p>Data: 9 de mar\u00e7o (domingo) &#8211; das 15h \u00e0s 22h;<\/p>\n\n\n\n<p>Local: Av. Doutor Manoel Reis, N\u00b0 660, pr\u00f3ximo ao Col\u00e9gio Pedro II, no Parque Centen\u00e1rio.&nbsp;<\/p>\n\n\n\n<p><strong>BLOCO PLANTE UMA MUDA<\/strong><\/p>\n\n\n\n<p>Data: 15 de mar\u00e7o (s\u00e1bado) &#8211; das 14h \u00e0s 22h;<\/p>\n\n\n\n<p>Local: Pra\u00e7a da Apoteose, na Vila S\u00e3o Lu\u00eds.&nbsp;<\/p>\n\n\n\n<p><strong>BLOCO ALEGRIA DO CENTEN\u00c1RIO<\/strong><\/p>\n\n\n\n<p>Data: 16 de mar\u00e7o (domingo) &#8211; das 15h \u00e0s 22h;<\/p>\n\n\n\n<p>Local: Av. Doutor Manoel Reis, N\u00ba 660, pr\u00f3ximo ao Col\u00e9gio Pedro II, no Parque Centen\u00e1rio.&nbsp;<\/p>\n\n\n\n<p><strong>BLOCO BOCA CANSADA<\/strong><\/p>\n\n\n\n<p>Data: 16 de mar\u00e7o (domingo) &#8211; 16h;<\/p>\n\n\n\n<p>Local: Na Associa\u00e7\u00e3o de Moradores at\u00e9 a Pra\u00e7a, pr\u00f3ximo ao posto, em Nova Campinas.&nbsp;<\/p>\n\n\n\n<p><strong>BRAFOLIA &#8211; ENCONTRO DOS BLOCOS<\/strong><\/p>\n\n\n\n<p>Data: 5 de abril (s\u00e1bado) &#8211; das 14h \u00e0s 22h;<\/p>\n\n\n\n<p>Local: Pra\u00e7a do Pacificador, Centro.&nbsp;<\/p>\n\n\n\n<p><strong>BLOCO PLANTE UMA MUDA<\/strong><\/p>\n\n\n\n<p>Data: 13 de abril (domingo) &#8211; 14h;<\/p>\n\n\n\n<p>Local: Concentra\u00e7\u00e3o na Rua S\u00e3o Jos\u00e9, N\u00ba 51 ao N\u00ba 113. Encerramento na Pra\u00e7a da Apoteose, na Vila S\u00e3o Lu\u00eds.<\/p>\n","protected":false},"excerpt":{"rendered":"<p>O primeiro come\u00e7a nesta sexta-feira (21), com o Bloco Colibri, e encerra no m\u00eas de abril, com o Bloco Plante Uma Muda.<\/p>\n","protected":false},"author":4,"featured_media":1384,"comment_status":"open","ping_status":"closed","sticky":false,"template":"","format":"standard","meta":{"footnotes":""},"categories":[1],"tags":[231,230,229,223,129],"class_list":["post-1410","post","type-post","status-publish","format-standard","has-post-thumbnail","hentry","category-cultura-e-turismo","tag-blocos-de-duque-de-caxias","tag-blocos-de-rua-2025","tag-blocos-de-rua-de-caxias","tag-carnaval-2025","tag-duque-de-caxias"],"_links":{"self":[{"href":"https:\/\/smct.duquedecaxias.rj.gov.br\/noticias\/wp-json\/wp\/v2\/posts\/1410","targetHints":{"allow":["GET"]}}],"collection":[{"href":"https:\/\/smct.duquedecaxias.rj.gov.br\/noticias\/wp-json\/wp\/v2\/posts"}],"about":[{"href":"https:\/\/smct.duquedecaxias.rj.gov.br\/noticias\/wp-json\/wp\/v2\/types\/post"}],"author":[{"embeddable":true,"href":"https:\/\/smct.duquedecaxias.rj.gov.br\/noticias\/wp-json\/wp\/v2\/users\/4"}],"replies":[{"embeddable":true,"href":"https:\/\/smct.duquedecaxias.rj.gov.br\/noticias\/wp-json\/wp\/v2\/comments?post=1410"}],"version-history":[{"count":3,"href":"https:\/\/smct.duquedecaxias.rj.gov.br\/noticias\/wp-json\/wp\/v2\/posts\/1410\/revisions"}],"predecessor-version":[{"id":1434,"href":"https:\/\/smct.duquedecaxias.rj.gov.br\/noticias\/wp-json\/wp\/v2\/posts\/1410\/revisions\/1434"}],"wp:featuredmedia":[{"embeddable":true,"href":"https:\/\/smct.duquedecaxias.rj.gov.br\/noticias\/wp-json\/wp\/v2\/media\/1384"}],"wp:attachment":[{"href":"https:\/\/smct.duquedecaxias.rj.gov.br\/noticias\/wp-json\/wp\/v2\/media?parent=1410"}],"wp:term":[{"taxonomy":"category","embeddable":true,"href":"https:\/\/smct.duquedecaxias.rj.gov.br\/noticias\/wp-json\/wp\/v2\/categories?post=1410"},{"taxonomy":"post_tag","embeddable":true,"href":"https:\/\/smct.duquedecaxias.rj.gov.br\/noticias\/wp-json\/wp\/v2\/tags?post=1410"}],"curies":[{"name":"wp","href":"https:\/\/api.w.org\/{rel}","templated":true}]}}