{"id":2102,"date":"2025-07-15T12:16:25","date_gmt":"2025-07-15T20:16:25","guid":{"rendered":"https:\/\/smct.duquedecaxias.rj.gov.br\/noticias\/?p=2102"},"modified":"2025-07-15T12:16:25","modified_gmt":"2025-07-15T20:16:25","slug":"roda-de-samba-de-duque-de-caxias-vira-ponto-de-encontro-nas-noites-de-segunda-feira","status":"publish","type":"post","link":"https:\/\/smct.duquedecaxias.rj.gov.br\/noticias\/roda-de-samba-de-duque-de-caxias-vira-ponto-de-encontro-nas-noites-de-segunda-feira\/","title":{"rendered":"Roda de samba de Duque de Caxias vira ponto de encontro nas noites de segunda-feira"},"content":{"rendered":"\n<p>Na \u00faltima segunda-feira (14), ocorreu a 10\u00aa Edi\u00e7\u00e3o do Circuito Cultural Boca Pra Fora, na Pra\u00e7a do Pacificador, no Centro de Duque de Caxias. O projeto, que resgata o samba de raiz no munic\u00edpio, est\u00e1 se tornando ponto de encontro para trabalhadores, amigos e familiares, que buscam lazer e divers\u00e3o de forma gratuita.&nbsp;<\/p>\n\n\n\n<figure class=\"wp-block-image size-large\"><img fetchpriority=\"high\" decoding=\"async\" width=\"1024\" height=\"683\" src=\"https:\/\/smct.duquedecaxias.rj.gov.br\/noticias\/wp-content\/uploads\/2025\/07\/DSC_6873-1024x683.jpg\" alt=\"\" class=\"wp-image-2108\" srcset=\"https:\/\/smct.duquedecaxias.rj.gov.br\/noticias\/wp-content\/uploads\/2025\/07\/DSC_6873-1024x683.jpg 1024w, https:\/\/smct.duquedecaxias.rj.gov.br\/noticias\/wp-content\/uploads\/2025\/07\/DSC_6873-300x200.jpg 300w, https:\/\/smct.duquedecaxias.rj.gov.br\/noticias\/wp-content\/uploads\/2025\/07\/DSC_6873-768x512.jpg 768w, https:\/\/smct.duquedecaxias.rj.gov.br\/noticias\/wp-content\/uploads\/2025\/07\/DSC_6873-1536x1024.jpg 1536w, https:\/\/smct.duquedecaxias.rj.gov.br\/noticias\/wp-content\/uploads\/2025\/07\/DSC_6873-2048x1365.jpg 2048w\" sizes=\"(max-width: 1024px) 100vw, 1024px\" \/><figcaption class=\"wp-element-caption\">(Foto: Gabriele Pereira | SMCT\/DC)<\/figcaption><\/figure>\n\n\n\n<p>Atraindo cada vez mais p\u00fablico, a roda de samba recebeu, na \u00faltima noite, a presen\u00e7a ilustre do sambista Ademir Batera, integrante do Grupo Fundo de Quintal, que foi prestigiar o amigo, Tiago Testa, e aproveitou para falar sobre o projeto desenvolvido pela Secretaria Municipal de Cultura e Turismo (SMCT\/DC), em parceria com a Funarj:<\/p>\n\n\n\n<p>\u201cQue coisa linda. \u00c9 bom para a comunidade, \u00e9 bom para Caxias e \u00e9 bom para todos n\u00f3s, sambistas. E estamos a\u00ed, sempre prestando homenagem ao samba. E o Testa \u00e9 esse cara, que voc\u00eas j\u00e1 sabem, maravilhoso\u201d, disse o sambista.&nbsp;&nbsp;<\/p>\n\n\n\n<figure class=\"wp-block-image size-large\"><img decoding=\"async\" width=\"1024\" height=\"683\" src=\"https:\/\/smct.duquedecaxias.rj.gov.br\/noticias\/wp-content\/uploads\/2025\/07\/DSC_6991-1024x683.jpg\" alt=\"\" class=\"wp-image-2112\" srcset=\"https:\/\/smct.duquedecaxias.rj.gov.br\/noticias\/wp-content\/uploads\/2025\/07\/DSC_6991-1024x683.jpg 1024w, https:\/\/smct.duquedecaxias.rj.gov.br\/noticias\/wp-content\/uploads\/2025\/07\/DSC_6991-300x200.jpg 300w, https:\/\/smct.duquedecaxias.rj.gov.br\/noticias\/wp-content\/uploads\/2025\/07\/DSC_6991-768x512.jpg 768w, https:\/\/smct.duquedecaxias.rj.gov.br\/noticias\/wp-content\/uploads\/2025\/07\/DSC_6991-1536x1024.jpg 1536w, https:\/\/smct.duquedecaxias.rj.gov.br\/noticias\/wp-content\/uploads\/2025\/07\/DSC_6991-2048x1365.jpg 2048w\" sizes=\"(max-width: 1024px) 100vw, 1024px\" \/><figcaption class=\"wp-element-caption\">(Foto: Gabriele Pereira | SMCT\/DC)<\/figcaption><\/figure>\n\n\n\n<p>Sob o comando de Tiago Testa, a roda de samba recebeu como convidado da vez o cantor Vitor Souza, que \u00e9 nascido e criado na Vila S\u00e3o Luiz, e juntos agraciaram o p\u00fablico com m\u00fasicas de sucesso no mundo do samba.&nbsp;<\/p>\n\n\n\n<p>O projeto tamb\u00e9m conta com a feira de empreendedorismo \u201cTem Feira no Samba\u201d, que traz barracas com artesanato, gastronomia e moda, fazendo circular a economia criativa da regi\u00e3o.&nbsp;<\/p>\n\n\n\n<figure class=\"wp-block-image size-large\"><img decoding=\"async\" width=\"1024\" height=\"683\" src=\"https:\/\/smct.duquedecaxias.rj.gov.br\/noticias\/wp-content\/uploads\/2025\/07\/DSC_6646-1024x683.jpg\" alt=\"\" class=\"wp-image-2106\" srcset=\"https:\/\/smct.duquedecaxias.rj.gov.br\/noticias\/wp-content\/uploads\/2025\/07\/DSC_6646-1024x683.jpg 1024w, https:\/\/smct.duquedecaxias.rj.gov.br\/noticias\/wp-content\/uploads\/2025\/07\/DSC_6646-300x200.jpg 300w, https:\/\/smct.duquedecaxias.rj.gov.br\/noticias\/wp-content\/uploads\/2025\/07\/DSC_6646-768x512.jpg 768w, https:\/\/smct.duquedecaxias.rj.gov.br\/noticias\/wp-content\/uploads\/2025\/07\/DSC_6646-1536x1024.jpg 1536w, https:\/\/smct.duquedecaxias.rj.gov.br\/noticias\/wp-content\/uploads\/2025\/07\/DSC_6646-2048x1365.jpg 2048w\" sizes=\"(max-width: 1024px) 100vw, 1024px\" \/><figcaption class=\"wp-element-caption\">(Foto: Gabriele Pereira | SMCT\/DC)<\/figcaption><\/figure>\n\n\n\n<figure class=\"wp-block-image size-large\"><img loading=\"lazy\" decoding=\"async\" width=\"1024\" height=\"683\" src=\"https:\/\/smct.duquedecaxias.rj.gov.br\/noticias\/wp-content\/uploads\/2025\/07\/DSC_6640-1024x683.jpg\" alt=\"\" class=\"wp-image-2105\" srcset=\"https:\/\/smct.duquedecaxias.rj.gov.br\/noticias\/wp-content\/uploads\/2025\/07\/DSC_6640-1024x683.jpg 1024w, https:\/\/smct.duquedecaxias.rj.gov.br\/noticias\/wp-content\/uploads\/2025\/07\/DSC_6640-300x200.jpg 300w, https:\/\/smct.duquedecaxias.rj.gov.br\/noticias\/wp-content\/uploads\/2025\/07\/DSC_6640-768x512.jpg 768w, https:\/\/smct.duquedecaxias.rj.gov.br\/noticias\/wp-content\/uploads\/2025\/07\/DSC_6640-1536x1024.jpg 1536w, https:\/\/smct.duquedecaxias.rj.gov.br\/noticias\/wp-content\/uploads\/2025\/07\/DSC_6640-2048x1365.jpg 2048w\" sizes=\"(max-width: 1024px) 100vw, 1024px\" \/><figcaption class=\"wp-element-caption\">(Foto: Gabriele Pereira | SMCT\/DC)<\/figcaption><\/figure>\n\n\n\n<figure class=\"wp-block-image size-large\"><img loading=\"lazy\" decoding=\"async\" width=\"1024\" height=\"683\" src=\"https:\/\/smct.duquedecaxias.rj.gov.br\/noticias\/wp-content\/uploads\/2025\/07\/DSC_6913-1024x683.jpg\" alt=\"\" class=\"wp-image-2109\" srcset=\"https:\/\/smct.duquedecaxias.rj.gov.br\/noticias\/wp-content\/uploads\/2025\/07\/DSC_6913-1024x683.jpg 1024w, https:\/\/smct.duquedecaxias.rj.gov.br\/noticias\/wp-content\/uploads\/2025\/07\/DSC_6913-300x200.jpg 300w, https:\/\/smct.duquedecaxias.rj.gov.br\/noticias\/wp-content\/uploads\/2025\/07\/DSC_6913-768x512.jpg 768w, https:\/\/smct.duquedecaxias.rj.gov.br\/noticias\/wp-content\/uploads\/2025\/07\/DSC_6913-1536x1024.jpg 1536w, https:\/\/smct.duquedecaxias.rj.gov.br\/noticias\/wp-content\/uploads\/2025\/07\/DSC_6913-2048x1365.jpg 2048w\" sizes=\"(max-width: 1024px) 100vw, 1024px\" \/><figcaption class=\"wp-element-caption\">(Foto: Gabriele Pereira | SMCT\/DC)<\/figcaption><\/figure>\n\n\n\n<figure class=\"wp-block-image size-large\"><img loading=\"lazy\" decoding=\"async\" width=\"1024\" height=\"683\" src=\"https:\/\/smct.duquedecaxias.rj.gov.br\/noticias\/wp-content\/uploads\/2025\/07\/DSC_6621-1024x683.jpg\" alt=\"\" class=\"wp-image-2103\" srcset=\"https:\/\/smct.duquedecaxias.rj.gov.br\/noticias\/wp-content\/uploads\/2025\/07\/DSC_6621-1024x683.jpg 1024w, https:\/\/smct.duquedecaxias.rj.gov.br\/noticias\/wp-content\/uploads\/2025\/07\/DSC_6621-300x200.jpg 300w, https:\/\/smct.duquedecaxias.rj.gov.br\/noticias\/wp-content\/uploads\/2025\/07\/DSC_6621-768x512.jpg 768w, https:\/\/smct.duquedecaxias.rj.gov.br\/noticias\/wp-content\/uploads\/2025\/07\/DSC_6621-1536x1024.jpg 1536w, https:\/\/smct.duquedecaxias.rj.gov.br\/noticias\/wp-content\/uploads\/2025\/07\/DSC_6621-2048x1365.jpg 2048w\" sizes=\"(max-width: 1024px) 100vw, 1024px\" \/><figcaption class=\"wp-element-caption\">(Foto: Gabriele Pereira | SMCT\/DC)<\/figcaption><\/figure>\n\n\n\n<figure class=\"wp-block-image size-large\"><img loading=\"lazy\" decoding=\"async\" width=\"1024\" height=\"683\" src=\"https:\/\/smct.duquedecaxias.rj.gov.br\/noticias\/wp-content\/uploads\/2025\/07\/DSC_6723-1024x683.jpg\" alt=\"\" class=\"wp-image-2107\" srcset=\"https:\/\/smct.duquedecaxias.rj.gov.br\/noticias\/wp-content\/uploads\/2025\/07\/DSC_6723-1024x683.jpg 1024w, https:\/\/smct.duquedecaxias.rj.gov.br\/noticias\/wp-content\/uploads\/2025\/07\/DSC_6723-300x200.jpg 300w, https:\/\/smct.duquedecaxias.rj.gov.br\/noticias\/wp-content\/uploads\/2025\/07\/DSC_6723-768x512.jpg 768w, https:\/\/smct.duquedecaxias.rj.gov.br\/noticias\/wp-content\/uploads\/2025\/07\/DSC_6723-1536x1024.jpg 1536w, https:\/\/smct.duquedecaxias.rj.gov.br\/noticias\/wp-content\/uploads\/2025\/07\/DSC_6723-2048x1365.jpg 2048w\" sizes=\"(max-width: 1024px) 100vw, 1024px\" \/><figcaption class=\"wp-element-caption\">(Foto: Gabriele Pereira | SMCT\/DC)<\/figcaption><\/figure>\n\n\n\n<figure class=\"wp-block-image size-large\"><img loading=\"lazy\" decoding=\"async\" width=\"1024\" height=\"683\" src=\"https:\/\/smct.duquedecaxias.rj.gov.br\/noticias\/wp-content\/uploads\/2025\/07\/DSC_6625-1024x683.jpg\" alt=\"\" class=\"wp-image-2104\" srcset=\"https:\/\/smct.duquedecaxias.rj.gov.br\/noticias\/wp-content\/uploads\/2025\/07\/DSC_6625-1024x683.jpg 1024w, https:\/\/smct.duquedecaxias.rj.gov.br\/noticias\/wp-content\/uploads\/2025\/07\/DSC_6625-300x200.jpg 300w, https:\/\/smct.duquedecaxias.rj.gov.br\/noticias\/wp-content\/uploads\/2025\/07\/DSC_6625-768x512.jpg 768w, https:\/\/smct.duquedecaxias.rj.gov.br\/noticias\/wp-content\/uploads\/2025\/07\/DSC_6625-1536x1024.jpg 1536w, https:\/\/smct.duquedecaxias.rj.gov.br\/noticias\/wp-content\/uploads\/2025\/07\/DSC_6625-2048x1365.jpg 2048w\" sizes=\"(max-width: 1024px) 100vw, 1024px\" \/><figcaption class=\"wp-element-caption\">(Foto: Gabriele Pereira | SMCT\/DC)<\/figcaption><\/figure>\n\n\n\n<figure class=\"wp-block-image size-large\"><img loading=\"lazy\" decoding=\"async\" width=\"1024\" height=\"683\" src=\"https:\/\/smct.duquedecaxias.rj.gov.br\/noticias\/wp-content\/uploads\/2025\/07\/DSC_6931-1024x683.jpg\" alt=\"\" class=\"wp-image-2110\" srcset=\"https:\/\/smct.duquedecaxias.rj.gov.br\/noticias\/wp-content\/uploads\/2025\/07\/DSC_6931-1024x683.jpg 1024w, https:\/\/smct.duquedecaxias.rj.gov.br\/noticias\/wp-content\/uploads\/2025\/07\/DSC_6931-300x200.jpg 300w, https:\/\/smct.duquedecaxias.rj.gov.br\/noticias\/wp-content\/uploads\/2025\/07\/DSC_6931-768x512.jpg 768w, https:\/\/smct.duquedecaxias.rj.gov.br\/noticias\/wp-content\/uploads\/2025\/07\/DSC_6931-1536x1024.jpg 1536w, https:\/\/smct.duquedecaxias.rj.gov.br\/noticias\/wp-content\/uploads\/2025\/07\/DSC_6931-2048x1365.jpg 2048w\" sizes=\"(max-width: 1024px) 100vw, 1024px\" \/><figcaption class=\"wp-element-caption\">(Foto: Gabriele Pereira | SMCT\/DC)<\/figcaption><\/figure>\n","protected":false},"excerpt":{"rendered":"<p>Atraindo cada vez mais p\u00fablico, a roda de samba virou um espa\u00e7o de lazer e divers\u00e3o gratuito para trabalhadores, amigos e familiares. <\/p>\n","protected":false},"author":4,"featured_media":2111,"comment_status":"open","ping_status":"closed","sticky":false,"template":"","format":"standard","meta":{"footnotes":""},"categories":[1],"tags":[271,129,272],"class_list":["post-2102","post","type-post","status-publish","format-standard","has-post-thumbnail","hentry","category-cultura-e-turismo","tag-circuito-cultural-boca-pra-fora","tag-duque-de-caxias","tag-tiago-testa"],"_links":{"self":[{"href":"https:\/\/smct.duquedecaxias.rj.gov.br\/noticias\/wp-json\/wp\/v2\/posts\/2102","targetHints":{"allow":["GET"]}}],"collection":[{"href":"https:\/\/smct.duquedecaxias.rj.gov.br\/noticias\/wp-json\/wp\/v2\/posts"}],"about":[{"href":"https:\/\/smct.duquedecaxias.rj.gov.br\/noticias\/wp-json\/wp\/v2\/types\/post"}],"author":[{"embeddable":true,"href":"https:\/\/smct.duquedecaxias.rj.gov.br\/noticias\/wp-json\/wp\/v2\/users\/4"}],"replies":[{"embeddable":true,"href":"https:\/\/smct.duquedecaxias.rj.gov.br\/noticias\/wp-json\/wp\/v2\/comments?post=2102"}],"version-history":[{"count":1,"href":"https:\/\/smct.duquedecaxias.rj.gov.br\/noticias\/wp-json\/wp\/v2\/posts\/2102\/revisions"}],"predecessor-version":[{"id":2113,"href":"https:\/\/smct.duquedecaxias.rj.gov.br\/noticias\/wp-json\/wp\/v2\/posts\/2102\/revisions\/2113"}],"wp:featuredmedia":[{"embeddable":true,"href":"https:\/\/smct.duquedecaxias.rj.gov.br\/noticias\/wp-json\/wp\/v2\/media\/2111"}],"wp:attachment":[{"href":"https:\/\/smct.duquedecaxias.rj.gov.br\/noticias\/wp-json\/wp\/v2\/media?parent=2102"}],"wp:term":[{"taxonomy":"category","embeddable":true,"href":"https:\/\/smct.duquedecaxias.rj.gov.br\/noticias\/wp-json\/wp\/v2\/categories?post=2102"},{"taxonomy":"post_tag","embeddable":true,"href":"https:\/\/smct.duquedecaxias.rj.gov.br\/noticias\/wp-json\/wp\/v2\/tags?post=2102"}],"curies":[{"name":"wp","href":"https:\/\/api.w.org\/{rel}","templated":true}]}}