{"id":2886,"date":"2025-11-19T05:41:15","date_gmt":"2025-11-19T13:41:15","guid":{"rendered":"https:\/\/smct.duquedecaxias.rj.gov.br\/noticias\/?p=2886"},"modified":"2025-11-19T05:41:15","modified_gmt":"2025-11-19T13:41:15","slug":"museu-vivo-do-sao-bento-promove-roda-de-conversa-sobre-igualdade-racial-na-baixada-fluminense","status":"publish","type":"post","link":"https:\/\/smct.duquedecaxias.rj.gov.br\/noticias\/museu-vivo-do-sao-bento-promove-roda-de-conversa-sobre-igualdade-racial-na-baixada-fluminense\/","title":{"rendered":"Museu Vivo do S\u00e3o Bento promove Roda de Conversa sobre igualdade racial na Baixada Fluminense"},"content":{"rendered":"\n<p>Na pr\u00f3xima quarta-feira (26\/11), \u00e0s 14h, o Museu Vivo do S\u00e3o Bento ir\u00e1 promover a Roda de Conversa &#8220;Patrim\u00f4nio, cultura e repara\u00e7\u00e3o: caminhos para a constru\u00e7\u00e3o da igualdade racial na Baixada Fluminense&#8221;. Ir\u00e3o integrar a mesa:<\/p>\n\n\n\n<p><br>\u27a1 Deise Guilhermina: Doutora e mestre em Educa\u00e7\u00e3o formada pela Universidade Federal Fluminense , linha de pesquisa &#8220;Negro e Educa\u00e7\u00e3o&#8221;. Graduada em Hist\u00f3ria e especialista em Hist\u00f3ria do Brasil. Historiadora do Museu Vivo do S\u00e3o Bento na cidade de Duque de Caxias e da Rede Municipal de Educa\u00e7\u00e3o do Rio de Janeiro. Pesquisadora do Programa de Educa\u00e7\u00e3o sobre o Negro na Sociedade Brasileira, do grupo de pesquisa Ecologias do Narrar e do projeto de extens\u00e3o Reinven\u00e7\u00e3o do Ler, do Escutar, do escrever e do Falar com Voc\u00ea.<\/p>\n\n\n\n<p>\u27a1 Andrezza Lima: Mestranda no Programa de P\u00f3s-Gradua\u00e7\u00e3o em Patrim\u00f4nio, Cultura e Sociedade (PPGPACS\/UFRRJ). Atuou como professora de Hist\u00f3ria dos anos finais na Prefeitura de Mag\u00e9 e, atualmente, exerce a fun\u00e7\u00e3o de Diretora de Diversidade Cultural, desde 2023, na Secretaria de Cultura, Turismo e Eventos de Mag\u00e9. \u00c9 tamb\u00e9m professora de Hist\u00f3ria na Prefeitura Municipal de Guapimirim e de Oficina Criativa na Escola de M\u00fasica e Cidadania (EMC). Desenvolve pesquisas sobre a mem\u00f3ria oper\u00e1ria e as lutas sindicais das f\u00e1bricas t\u00eaxteis do munic\u00edpio de Mag\u00e9\/RJ, al\u00e9m de investigar as viv\u00eancias das mulheres negras no contexto sociocultural e educacional. Candomblecista, \u00e9 yaw\u00f4 de Ox\u00f3ssi do Il\u00ea Ax\u00e9 Omin. Empreende projetos culturais por meio da produtora Ok\u00ea Ar\u00f4 Ra\u00edzes Culturais, voltados \u00e0 valoriza\u00e7\u00e3o da diversidade cultural na Baixada Fluminense.<\/p>\n\n\n\n<p>\u27a1 Wladimir Leonel: Mestre em Educa\u00e7\u00e3o pela UFRJ. Licenciado em Pedagogia. Licenciado em Sociologia pela Universidade Paulista. Coordenador do Departamento Municipal de Promo\u00e7\u00e3o de Pol\u00edticas de Igualdade Racial. Professor de Sociologia do Col\u00e9gio Estadual Duque de Caxias. Conselheiro Governamental da Secretaria Municipal de Assist\u00eancia Social e Direitos Humanos no Conselho Municipal de Igualdade Racial. Presidente do Comit\u00ea Municipal de Sub-registro da Cidade de Duque de Caxias.<\/p>\n\n\n\n<p>A atividade vai ocorrer na Sede Administrativa do Museu Vivo do S\u00e3o Bento e vai contar com emiss\u00e3o de certificado de participa\u00e7\u00e3o (horas complementares). \u00c9 necess\u00e1rio sinalizar que deseja o documento no ato da inscri\u00e7\u00e3o, que deve ser realizada via formul\u00e1rio dispon\u00edvel <a href=\"https:\/\/docs.google.com\/forms\/d\/e\/1FAIpQLSenu0A8u40nyb6DrCwfJrSbTkIWSk2LTG1Mpxh1gGr3yLN0gA\/viewform?usp=header\"><strong>neste link.<\/strong><\/a><\/p>\n\n\n\n<p>\ud83d\udccd Museu Vivo do S\u00e3o Bento &#8211; R. Benjamin da Rocha J\u00fanior, s\/n &#8211; S\u00e3o Bento, Duque de Caxias &#8211; RJ, 25045-010<br>\ud83d\udcc5 26 de novembro (quarta-feira)<br>\u23f0 14 h<\/p>\n\n\n\n<figure class=\"wp-block-image size-large\"><img fetchpriority=\"high\" decoding=\"async\" width=\"819\" height=\"1024\" src=\"https:\/\/smct.duquedecaxias.rj.gov.br\/noticias\/wp-content\/uploads\/2025\/11\/museuvivodosaobento.oficial_1763127257_3765706833106173082_76037386817-1-819x1024.jpg\" alt=\"\" class=\"wp-image-2888\" srcset=\"https:\/\/smct.duquedecaxias.rj.gov.br\/noticias\/wp-content\/uploads\/2025\/11\/museuvivodosaobento.oficial_1763127257_3765706833106173082_76037386817-1-819x1024.jpg 819w, https:\/\/smct.duquedecaxias.rj.gov.br\/noticias\/wp-content\/uploads\/2025\/11\/museuvivodosaobento.oficial_1763127257_3765706833106173082_76037386817-1-240x300.jpg 240w, https:\/\/smct.duquedecaxias.rj.gov.br\/noticias\/wp-content\/uploads\/2025\/11\/museuvivodosaobento.oficial_1763127257_3765706833106173082_76037386817-1-768x960.jpg 768w, https:\/\/smct.duquedecaxias.rj.gov.br\/noticias\/wp-content\/uploads\/2025\/11\/museuvivodosaobento.oficial_1763127257_3765706833106173082_76037386817-1.jpg 1080w\" sizes=\"(max-width: 819px) 100vw, 819px\" \/><\/figure>\n\n\n\n<figure class=\"wp-block-image size-large\"><img decoding=\"async\" width=\"819\" height=\"1024\" src=\"https:\/\/smct.duquedecaxias.rj.gov.br\/noticias\/wp-content\/uploads\/2025\/11\/museuvivodosaobento.oficial_1763127257_3765706832753787453_76037386817-1-819x1024.jpg\" alt=\"\" class=\"wp-image-2889\" srcset=\"https:\/\/smct.duquedecaxias.rj.gov.br\/noticias\/wp-content\/uploads\/2025\/11\/museuvivodosaobento.oficial_1763127257_3765706832753787453_76037386817-1-819x1024.jpg 819w, https:\/\/smct.duquedecaxias.rj.gov.br\/noticias\/wp-content\/uploads\/2025\/11\/museuvivodosaobento.oficial_1763127257_3765706832753787453_76037386817-1-240x300.jpg 240w, https:\/\/smct.duquedecaxias.rj.gov.br\/noticias\/wp-content\/uploads\/2025\/11\/museuvivodosaobento.oficial_1763127257_3765706832753787453_76037386817-1-768x960.jpg 768w, https:\/\/smct.duquedecaxias.rj.gov.br\/noticias\/wp-content\/uploads\/2025\/11\/museuvivodosaobento.oficial_1763127257_3765706832753787453_76037386817-1.jpg 1080w\" sizes=\"(max-width: 819px) 100vw, 819px\" \/><\/figure>\n\n\n\n<figure class=\"wp-block-image size-large\"><img decoding=\"async\" width=\"819\" height=\"1024\" src=\"https:\/\/smct.duquedecaxias.rj.gov.br\/noticias\/wp-content\/uploads\/2025\/11\/museuvivodosaobento.oficial_1763127257_3765706832753822598_76037386817-1-819x1024.jpg\" alt=\"\" class=\"wp-image-2890\" srcset=\"https:\/\/smct.duquedecaxias.rj.gov.br\/noticias\/wp-content\/uploads\/2025\/11\/museuvivodosaobento.oficial_1763127257_3765706832753822598_76037386817-1-819x1024.jpg 819w, https:\/\/smct.duquedecaxias.rj.gov.br\/noticias\/wp-content\/uploads\/2025\/11\/museuvivodosaobento.oficial_1763127257_3765706832753822598_76037386817-1-240x300.jpg 240w, https:\/\/smct.duquedecaxias.rj.gov.br\/noticias\/wp-content\/uploads\/2025\/11\/museuvivodosaobento.oficial_1763127257_3765706832753822598_76037386817-1-768x960.jpg 768w, https:\/\/smct.duquedecaxias.rj.gov.br\/noticias\/wp-content\/uploads\/2025\/11\/museuvivodosaobento.oficial_1763127257_3765706832753822598_76037386817-1.jpg 1080w\" sizes=\"(max-width: 819px) 100vw, 819px\" \/><\/figure>\n\n\n\n<figure class=\"wp-block-image size-large\"><img loading=\"lazy\" decoding=\"async\" width=\"819\" height=\"1024\" src=\"https:\/\/smct.duquedecaxias.rj.gov.br\/noticias\/wp-content\/uploads\/2025\/11\/museuvivodosaobento.oficial_1763127257_3765706833164846278_76037386817-1-819x1024.jpg\" alt=\"\" class=\"wp-image-2891\" srcset=\"https:\/\/smct.duquedecaxias.rj.gov.br\/noticias\/wp-content\/uploads\/2025\/11\/museuvivodosaobento.oficial_1763127257_3765706833164846278_76037386817-1-819x1024.jpg 819w, https:\/\/smct.duquedecaxias.rj.gov.br\/noticias\/wp-content\/uploads\/2025\/11\/museuvivodosaobento.oficial_1763127257_3765706833164846278_76037386817-1-240x300.jpg 240w, https:\/\/smct.duquedecaxias.rj.gov.br\/noticias\/wp-content\/uploads\/2025\/11\/museuvivodosaobento.oficial_1763127257_3765706833164846278_76037386817-1-768x960.jpg 768w, https:\/\/smct.duquedecaxias.rj.gov.br\/noticias\/wp-content\/uploads\/2025\/11\/museuvivodosaobento.oficial_1763127257_3765706833164846278_76037386817-1.jpg 1080w\" sizes=\"(max-width: 819px) 100vw, 819px\" \/><\/figure>\n","protected":false},"excerpt":{"rendered":"<p>Na pr\u00f3xima quarta-feira (26\/11), \u00e0s 14h, o Museu Vivo do S\u00e3o Bento ir\u00e1 promover a Roda de Conversa &#8220;Patrim\u00f4nio, cultura e repara\u00e7\u00e3o: caminhos para a constru\u00e7\u00e3o da igualdade racial na Baixada Fluminense&#8221;. Ir\u00e3o integrar a mesa: \u27a1 Deise Guilhermina: Doutora e mestre em Educa\u00e7\u00e3o formada pela Universidade Federal Fluminense , linha de pesquisa &#8220;Negro e [&hellip;]<\/p>\n","protected":false},"author":9,"featured_media":2887,"comment_status":"open","ping_status":"closed","sticky":false,"template":"","format":"standard","meta":{"footnotes":""},"categories":[1],"tags":[],"class_list":["post-2886","post","type-post","status-publish","format-standard","has-post-thumbnail","hentry","category-cultura-e-turismo"],"_links":{"self":[{"href":"https:\/\/smct.duquedecaxias.rj.gov.br\/noticias\/wp-json\/wp\/v2\/posts\/2886","targetHints":{"allow":["GET"]}}],"collection":[{"href":"https:\/\/smct.duquedecaxias.rj.gov.br\/noticias\/wp-json\/wp\/v2\/posts"}],"about":[{"href":"https:\/\/smct.duquedecaxias.rj.gov.br\/noticias\/wp-json\/wp\/v2\/types\/post"}],"author":[{"embeddable":true,"href":"https:\/\/smct.duquedecaxias.rj.gov.br\/noticias\/wp-json\/wp\/v2\/users\/9"}],"replies":[{"embeddable":true,"href":"https:\/\/smct.duquedecaxias.rj.gov.br\/noticias\/wp-json\/wp\/v2\/comments?post=2886"}],"version-history":[{"count":1,"href":"https:\/\/smct.duquedecaxias.rj.gov.br\/noticias\/wp-json\/wp\/v2\/posts\/2886\/revisions"}],"predecessor-version":[{"id":2892,"href":"https:\/\/smct.duquedecaxias.rj.gov.br\/noticias\/wp-json\/wp\/v2\/posts\/2886\/revisions\/2892"}],"wp:featuredmedia":[{"embeddable":true,"href":"https:\/\/smct.duquedecaxias.rj.gov.br\/noticias\/wp-json\/wp\/v2\/media\/2887"}],"wp:attachment":[{"href":"https:\/\/smct.duquedecaxias.rj.gov.br\/noticias\/wp-json\/wp\/v2\/media?parent=2886"}],"wp:term":[{"taxonomy":"category","embeddable":true,"href":"https:\/\/smct.duquedecaxias.rj.gov.br\/noticias\/wp-json\/wp\/v2\/categories?post=2886"},{"taxonomy":"post_tag","embeddable":true,"href":"https:\/\/smct.duquedecaxias.rj.gov.br\/noticias\/wp-json\/wp\/v2\/tags?post=2886"}],"curies":[{"name":"wp","href":"https:\/\/api.w.org\/{rel}","templated":true}]}}