{"id":2924,"date":"2025-12-01T06:14:29","date_gmt":"2025-12-01T14:14:29","guid":{"rendered":"https:\/\/smct.duquedecaxias.rj.gov.br\/noticias\/?p=2924"},"modified":"2025-12-01T06:14:29","modified_gmt":"2025-12-01T14:14:29","slug":"aulas-de-danca-de-salao-e-forro-no-teatro-raul-cortez-superam-expectativas-e-tem-mais-de-325-inscritos","status":"publish","type":"post","link":"https:\/\/smct.duquedecaxias.rj.gov.br\/noticias\/aulas-de-danca-de-salao-e-forro-no-teatro-raul-cortez-superam-expectativas-e-tem-mais-de-325-inscritos\/","title":{"rendered":"Aulas de dan\u00e7a de sal\u00e3o e forr\u00f3 no Teatro Raul Cortez superam expectativas e t\u00eam mais de 325 inscritos"},"content":{"rendered":"\n<p>No \u00faltimo dia 24 de novembro o Teatro Raul Cortez passou a ser palco de aulas de dan\u00e7a de sal\u00e3o e forr\u00f3 para iniciantes. O Projeto Quebrando Bloqueios, organizado pelo professor de dan\u00e7a Jo\u00e3o Bosco da Silva Filho, \u00e9 realizado a partir do Edital de Fomento \u00e0 Cultura Edi\u00e9lio Mendon\u00e7a e visa proporcionar sa\u00fade f\u00edsica e mental, al\u00e9m de promover a socializa\u00e7\u00e3o.<\/p>\n\n\n\n<p>Nesta primeira fase, ser\u00e3o 12 aulas realizadas \u00e0s segundas-feiras. Do total de inscritos, 125 alunos foram sorteados aleatoriamente e est\u00e3o fazendo as aulas. O restante est\u00e1 em uma fila de espera aguardando cria\u00e7\u00e3o de novas vagas ou desist\u00eancias.<\/p>\n\n\n\n<p>\u201cO Projeto Quebrando Bloqueios est\u00e1 sendo uma experi\u00eancia fant\u00e1stica e \u00fanica. Tivemos a nossa primeira aula no dia 24 de novembro e, mesmo com condi\u00e7\u00f5es clim\u00e1ticas ruins, a ades\u00e3o foi incr\u00edvel. Foi\u00a0maravilhoso ver o sorriso em cada rosto e o semblante leve que todos sa\u00edram das aulas\u201d, diz Jo\u00e3o Bosco, que tem mais de 20 anos de experi\u00eancia.<\/p>\n\n\n\n<p><br><br><br><\/p>\n\n\n\n<figure class=\"wp-block-image size-full\"><img fetchpriority=\"high\" decoding=\"async\" width=\"980\" height=\"650\" src=\"https:\/\/smct.duquedecaxias.rj.gov.br\/noticias\/wp-content\/uploads\/2025\/12\/CAPA-PREFEITURA-40.png\" alt=\"\" class=\"wp-image-2926\" srcset=\"https:\/\/smct.duquedecaxias.rj.gov.br\/noticias\/wp-content\/uploads\/2025\/12\/CAPA-PREFEITURA-40.png 980w, https:\/\/smct.duquedecaxias.rj.gov.br\/noticias\/wp-content\/uploads\/2025\/12\/CAPA-PREFEITURA-40-300x199.png 300w, https:\/\/smct.duquedecaxias.rj.gov.br\/noticias\/wp-content\/uploads\/2025\/12\/CAPA-PREFEITURA-40-768x509.png 768w\" sizes=\"(max-width: 980px) 100vw, 980px\" \/><\/figure>\n\n\n\n<figure class=\"wp-block-image size-full\"><img decoding=\"async\" width=\"980\" height=\"650\" src=\"https:\/\/smct.duquedecaxias.rj.gov.br\/noticias\/wp-content\/uploads\/2025\/12\/CAPA-PREFEITURA-41.png\" alt=\"\" class=\"wp-image-2927\" srcset=\"https:\/\/smct.duquedecaxias.rj.gov.br\/noticias\/wp-content\/uploads\/2025\/12\/CAPA-PREFEITURA-41.png 980w, https:\/\/smct.duquedecaxias.rj.gov.br\/noticias\/wp-content\/uploads\/2025\/12\/CAPA-PREFEITURA-41-300x199.png 300w, https:\/\/smct.duquedecaxias.rj.gov.br\/noticias\/wp-content\/uploads\/2025\/12\/CAPA-PREFEITURA-41-768x509.png 768w\" sizes=\"(max-width: 980px) 100vw, 980px\" \/><\/figure>\n","protected":false},"excerpt":{"rendered":"<p>No \u00faltimo dia 24 de novembro o Teatro Raul Cortez passou a ser palco de aulas de dan\u00e7a de sal\u00e3o e forr\u00f3 para iniciantes. O Projeto Quebrando Bloqueios, organizado pelo professor de dan\u00e7a Jo\u00e3o Bosco da Silva Filho, \u00e9 realizado a partir do Edital de Fomento \u00e0 Cultura Edi\u00e9lio Mendon\u00e7a e visa proporcionar sa\u00fade f\u00edsica [&hellip;]<\/p>\n","protected":false},"author":9,"featured_media":2925,"comment_status":"open","ping_status":"closed","sticky":false,"template":"","format":"standard","meta":{"footnotes":""},"categories":[1],"tags":[],"class_list":["post-2924","post","type-post","status-publish","format-standard","has-post-thumbnail","hentry","category-cultura-e-turismo"],"_links":{"self":[{"href":"https:\/\/smct.duquedecaxias.rj.gov.br\/noticias\/wp-json\/wp\/v2\/posts\/2924","targetHints":{"allow":["GET"]}}],"collection":[{"href":"https:\/\/smct.duquedecaxias.rj.gov.br\/noticias\/wp-json\/wp\/v2\/posts"}],"about":[{"href":"https:\/\/smct.duquedecaxias.rj.gov.br\/noticias\/wp-json\/wp\/v2\/types\/post"}],"author":[{"embeddable":true,"href":"https:\/\/smct.duquedecaxias.rj.gov.br\/noticias\/wp-json\/wp\/v2\/users\/9"}],"replies":[{"embeddable":true,"href":"https:\/\/smct.duquedecaxias.rj.gov.br\/noticias\/wp-json\/wp\/v2\/comments?post=2924"}],"version-history":[{"count":1,"href":"https:\/\/smct.duquedecaxias.rj.gov.br\/noticias\/wp-json\/wp\/v2\/posts\/2924\/revisions"}],"predecessor-version":[{"id":2928,"href":"https:\/\/smct.duquedecaxias.rj.gov.br\/noticias\/wp-json\/wp\/v2\/posts\/2924\/revisions\/2928"}],"wp:featuredmedia":[{"embeddable":true,"href":"https:\/\/smct.duquedecaxias.rj.gov.br\/noticias\/wp-json\/wp\/v2\/media\/2925"}],"wp:attachment":[{"href":"https:\/\/smct.duquedecaxias.rj.gov.br\/noticias\/wp-json\/wp\/v2\/media?parent=2924"}],"wp:term":[{"taxonomy":"category","embeddable":true,"href":"https:\/\/smct.duquedecaxias.rj.gov.br\/noticias\/wp-json\/wp\/v2\/categories?post=2924"},{"taxonomy":"post_tag","embeddable":true,"href":"https:\/\/smct.duquedecaxias.rj.gov.br\/noticias\/wp-json\/wp\/v2\/tags?post=2924"}],"curies":[{"name":"wp","href":"https:\/\/api.w.org\/{rel}","templated":true}]}}