{"id":3192,"date":"2026-03-16T09:46:34","date_gmt":"2026-03-16T17:46:34","guid":{"rendered":"https:\/\/smct.duquedecaxias.rj.gov.br\/noticias\/?p=3192"},"modified":"2026-03-16T10:15:23","modified_gmt":"2026-03-16T18:15:23","slug":"teatro-raul-cortez-tem-stand-up-comedy-menina-mojuba-e-mtv-2000-hits-nesta-semana-confira","status":"publish","type":"post","link":"https:\/\/smct.duquedecaxias.rj.gov.br\/noticias\/teatro-raul-cortez-tem-stand-up-comedy-menina-mojuba-e-mtv-2000-hits-nesta-semana-confira\/","title":{"rendered":"Teatro Raul Cortez tem stand-up comedy, &#8216;Menina Mojub\u00e1&#8217; e &#8216;MTV 2000 Hits&#8217; nesta semana; confira"},"content":{"rendered":"\n<p><a href=\"https:\/\/smct.duquedecaxias.rj.gov.br\/noticias\/teatro-raul-cortez-tem-final-de-semana-de-casa-cheia-com-mais-de-1-100-espectadores\/\" data-type=\"link\" data-id=\"https:\/\/smct.duquedecaxias.rj.gov.br\/noticias\/teatro-raul-cortez-tem-final-de-semana-de-casa-cheia-com-mais-de-1-100-espectadores\/\"><strong>Ap\u00f3s receber mais de 1.100 espectadores no s\u00e1bado (14) e no domingo (15)<\/strong><\/a>, o Teatro Raul Cortez, em Duque de Caxias, tem atra\u00e7\u00f5es para todos os gostos durante esta semana. Na ter\u00e7a-feira (17), Camila Cardoso apresenta seu primeiro show solo de com\u00e9dia stand-up, &#8220;A T\u00e9cnica de Enfermagem &#8211; Antes e Depois do Plant\u00e3o&#8221;. No espet\u00e1culo, ela&nbsp;compartilha as mais hilariantes e inacredit\u00e1veis&nbsp;hist\u00f3rias vividas nos bastidores do mundo da sa\u00fade, da \u00e9poca em que trabalhava no setor.<\/p>\n\n\n\n<figure class=\"wp-block-image size-large\"><img fetchpriority=\"high\" decoding=\"async\" width=\"819\" height=\"1024\" src=\"https:\/\/smct.duquedecaxias.rj.gov.br\/noticias\/wp-content\/uploads\/2026\/03\/teatromraulcortez_1768489087_3810685123348586914_4376334594-819x1024.webp\" alt=\"\" class=\"wp-image-3199\" srcset=\"https:\/\/smct.duquedecaxias.rj.gov.br\/noticias\/wp-content\/uploads\/2026\/03\/teatromraulcortez_1768489087_3810685123348586914_4376334594-819x1024.webp 819w, https:\/\/smct.duquedecaxias.rj.gov.br\/noticias\/wp-content\/uploads\/2026\/03\/teatromraulcortez_1768489087_3810685123348586914_4376334594-240x300.webp 240w, https:\/\/smct.duquedecaxias.rj.gov.br\/noticias\/wp-content\/uploads\/2026\/03\/teatromraulcortez_1768489087_3810685123348586914_4376334594-768x961.webp 768w, https:\/\/smct.duquedecaxias.rj.gov.br\/noticias\/wp-content\/uploads\/2026\/03\/teatromraulcortez_1768489087_3810685123348586914_4376334594-1228x1536.webp 1228w, https:\/\/smct.duquedecaxias.rj.gov.br\/noticias\/wp-content\/uploads\/2026\/03\/teatromraulcortez_1768489087_3810685123348586914_4376334594.webp 1440w\" sizes=\"(max-width: 819px) 100vw, 819px\" \/><\/figure>\n\n\n\n<p>Com um humor afiado, aut\u00eantico e cheio de viv\u00eancia real,\u00a0Camila leva o p\u00fablico a uma divertida jornada entre o caos\u00a0dos plant\u00f5es e as situa\u00e7\u00f5es absurdas que s\u00f3 quem trabalha\u00a0em hospital vai entender. Na sexta-feira (20), Camila Treze estrela o sucesso de bilheteria &#8220;Menina Mojub\u00e1&#8221;, que lotou o Raul Cortez em outubro do ano passado.<\/p>\n\n\n\n<p>O espet\u00e1culo conta a hist\u00f3ria de uma crian\u00e7a brasileira que cresce nas ruas e descobre carregar consigo uma for\u00e7a ancestral. Ela se torna, ent\u00e3o, uma pombagira ap\u00f3s seu tr\u00e1gico falecimento, se transformando em uma figura poderosa no mundo espiritual, capaz de proteger e livrar todos que tenham caminhos semelhantes aos seus.<\/p>\n\n\n\n<figure class=\"wp-block-image size-large\"><img decoding=\"async\" width=\"819\" height=\"1024\" src=\"https:\/\/smct.duquedecaxias.rj.gov.br\/noticias\/wp-content\/uploads\/2026\/03\/teatromraulcortez_1772230966_3842074259011561272_4376334594-819x1024.webp\" alt=\"\" class=\"wp-image-3200\" srcset=\"https:\/\/smct.duquedecaxias.rj.gov.br\/noticias\/wp-content\/uploads\/2026\/03\/teatromraulcortez_1772230966_3842074259011561272_4376334594-819x1024.webp 819w, https:\/\/smct.duquedecaxias.rj.gov.br\/noticias\/wp-content\/uploads\/2026\/03\/teatromraulcortez_1772230966_3842074259011561272_4376334594-240x300.webp 240w, https:\/\/smct.duquedecaxias.rj.gov.br\/noticias\/wp-content\/uploads\/2026\/03\/teatromraulcortez_1772230966_3842074259011561272_4376334594-768x960.webp 768w, https:\/\/smct.duquedecaxias.rj.gov.br\/noticias\/wp-content\/uploads\/2026\/03\/teatromraulcortez_1772230966_3842074259011561272_4376334594-1229x1536.webp 1229w, https:\/\/smct.duquedecaxias.rj.gov.br\/noticias\/wp-content\/uploads\/2026\/03\/teatromraulcortez_1772230966_3842074259011561272_4376334594.webp 1440w\" sizes=\"(max-width: 819px) 100vw, 819px\" \/><\/figure>\n\n\n\n<p>No domingo (22), o Emex Studio Dance encerra a semana com o espet\u00e1culo &#8220;MTV 2000 Hits&#8221;. O show prop\u00f5e uma imers\u00e3o art\u00edstica no universo musical e cultural dos anos 2000 \u2014 per\u00edodo marcado pela influ\u00eancia da MTV na constru\u00e7\u00e3o est\u00e9tica, comportamental e art\u00edstica de toda uma gera\u00e7\u00e3o.<\/p>\n\n\n\n<p>Por meio da dan\u00e7a, da m\u00fasica e de elementos visuais inspirados na linguagem televisiva da \u00e9poca, o espet\u00e1culo revisita grandes sucessos que dominaram os clipes, programas e pistas de dan\u00e7a dos anos 2000, conectando mem\u00f3ria afetiva, energia coletiva e identidade urbana.<\/p>\n\n\n\n<figure class=\"wp-block-image size-large\"><img decoding=\"async\" width=\"807\" height=\"1024\" src=\"https:\/\/smct.duquedecaxias.rj.gov.br\/noticias\/wp-content\/uploads\/2026\/03\/teatromraulcortez_1772033336_3840416412490195169_4376334594-807x1024.webp\" alt=\"\" class=\"wp-image-3201\" srcset=\"https:\/\/smct.duquedecaxias.rj.gov.br\/noticias\/wp-content\/uploads\/2026\/03\/teatromraulcortez_1772033336_3840416412490195169_4376334594-807x1024.webp 807w, https:\/\/smct.duquedecaxias.rj.gov.br\/noticias\/wp-content\/uploads\/2026\/03\/teatromraulcortez_1772033336_3840416412490195169_4376334594-236x300.webp 236w, https:\/\/smct.duquedecaxias.rj.gov.br\/noticias\/wp-content\/uploads\/2026\/03\/teatromraulcortez_1772033336_3840416412490195169_4376334594-768x974.webp 768w, https:\/\/smct.duquedecaxias.rj.gov.br\/noticias\/wp-content\/uploads\/2026\/03\/teatromraulcortez_1772033336_3840416412490195169_4376334594-1211x1536.webp 1211w, https:\/\/smct.duquedecaxias.rj.gov.br\/noticias\/wp-content\/uploads\/2026\/03\/teatromraulcortez_1772033336_3840416412490195169_4376334594.webp 1440w\" sizes=\"(max-width: 807px) 100vw, 807px\" \/><\/figure>\n\n\n\n<h2 class=\"wp-block-heading\">SERVI\u00c7O<\/h2>\n\n\n\n<p><strong>CAMILA CARDOSO &#8211; A T\u00c9CNICA DE ENFERMAGEM<br><\/strong>Quando: 17 de mar\u00e7o<br>Hor\u00e1rio: 19h30<br>Ingressos: a partir de R$ 40 (\u00faltimos ingressos)<\/p>\n\n\n\n<p><strong>MENINA MOJUB\u00c1<br><\/strong>Quando: 20 de mar\u00e7o<br>Hor\u00e1rio: 19h30<br>Ingressos: a partir R$ 15<\/p>\n\n\n\n<p><strong>EMEX DANCE STUDIO &#8211; &#8220;MTV 2000 HITS&#8221;<br><\/strong>Quando: 22 de mar\u00e7o<br>Hor\u00e1rio: 15h<br>Ingressos: a partir de R$ 30<\/p>\n\n\n\n<p>O Teatro Raul Cortez est\u00e1 localizado na Pra\u00e7a do Pacificador, no Centro de Duque de Caxias. Os ingressos est\u00e3o dispon\u00edveis para compra <a href=\"https:\/\/linktr.ee\/teatroraulcortez_\" data-type=\"link\" data-id=\"https:\/\/linktr.ee\/teatroraulcortez_\"><strong>neste link.<\/strong><\/a><\/p>\n","protected":false},"excerpt":{"rendered":"<p>Ap\u00f3s receber mais de 1.100 espectadores no s\u00e1bado (14) e no domingo (15), o Teatro Raul Cortez, em Duque de Caxias, tem atra\u00e7\u00f5es para todos os gostos durante esta semana. Na ter\u00e7a-feira (17), Camila Cardoso apresenta seu primeiro show solo de com\u00e9dia stand-up, &#8220;A T\u00e9cnica de Enfermagem &#8211; Antes e Depois do Plant\u00e3o&#8221;. No espet\u00e1culo, [&hellip;]<\/p>\n","protected":false},"author":9,"featured_media":3198,"comment_status":"open","ping_status":"closed","sticky":false,"template":"","format":"standard","meta":{"footnotes":""},"categories":[1],"tags":[],"class_list":["post-3192","post","type-post","status-publish","format-standard","has-post-thumbnail","hentry","category-cultura-e-turismo"],"_links":{"self":[{"href":"https:\/\/smct.duquedecaxias.rj.gov.br\/noticias\/wp-json\/wp\/v2\/posts\/3192","targetHints":{"allow":["GET"]}}],"collection":[{"href":"https:\/\/smct.duquedecaxias.rj.gov.br\/noticias\/wp-json\/wp\/v2\/posts"}],"about":[{"href":"https:\/\/smct.duquedecaxias.rj.gov.br\/noticias\/wp-json\/wp\/v2\/types\/post"}],"author":[{"embeddable":true,"href":"https:\/\/smct.duquedecaxias.rj.gov.br\/noticias\/wp-json\/wp\/v2\/users\/9"}],"replies":[{"embeddable":true,"href":"https:\/\/smct.duquedecaxias.rj.gov.br\/noticias\/wp-json\/wp\/v2\/comments?post=3192"}],"version-history":[{"count":3,"href":"https:\/\/smct.duquedecaxias.rj.gov.br\/noticias\/wp-json\/wp\/v2\/posts\/3192\/revisions"}],"predecessor-version":[{"id":3203,"href":"https:\/\/smct.duquedecaxias.rj.gov.br\/noticias\/wp-json\/wp\/v2\/posts\/3192\/revisions\/3203"}],"wp:featuredmedia":[{"embeddable":true,"href":"https:\/\/smct.duquedecaxias.rj.gov.br\/noticias\/wp-json\/wp\/v2\/media\/3198"}],"wp:attachment":[{"href":"https:\/\/smct.duquedecaxias.rj.gov.br\/noticias\/wp-json\/wp\/v2\/media?parent=3192"}],"wp:term":[{"taxonomy":"category","embeddable":true,"href":"https:\/\/smct.duquedecaxias.rj.gov.br\/noticias\/wp-json\/wp\/v2\/categories?post=3192"},{"taxonomy":"post_tag","embeddable":true,"href":"https:\/\/smct.duquedecaxias.rj.gov.br\/noticias\/wp-json\/wp\/v2\/tags?post=3192"}],"curies":[{"name":"wp","href":"https:\/\/api.w.org\/{rel}","templated":true}]}}