{"id":3272,"date":"2026-04-28T06:09:03","date_gmt":"2026-04-28T14:09:03","guid":{"rendered":"https:\/\/smct.duquedecaxias.rj.gov.br\/noticias\/?p=3272"},"modified":"2026-04-28T06:09:03","modified_gmt":"2026-04-28T14:09:03","slug":"mattos-nascimento-celebra-35-anos-de-carreira-em-show-lotado-em-duque-de-caxias","status":"publish","type":"post","link":"https:\/\/smct.duquedecaxias.rj.gov.br\/noticias\/mattos-nascimento-celebra-35-anos-de-carreira-em-show-lotado-em-duque-de-caxias\/","title":{"rendered":"Mattos Nascimento celebra 35 anos de carreira em show lotado em Duque de Caxias"},"content":{"rendered":"\n<p>O Teatro Municipal Raul Cortez&nbsp; recebeu, na \u00faltima sexta-feira (24), no palco aberto virado para a Pra\u00e7a do Pacificador, no Centro de Duque de Caxias, o cantor Mattos Nascimento, que celebrou tr\u00eas d\u00e9cadas de carreira marcando gera\u00e7\u00f5es no meio gospel.&nbsp;<\/p>\n\n\n\n<figure class=\"wp-block-image size-large\"><img fetchpriority=\"high\" decoding=\"async\" width=\"1024\" height=\"683\" src=\"https:\/\/smct.duquedecaxias.rj.gov.br\/noticias\/wp-content\/uploads\/2026\/04\/DSC_0988-1024x683.jpg\" alt=\"\" class=\"wp-image-3278\" srcset=\"https:\/\/smct.duquedecaxias.rj.gov.br\/noticias\/wp-content\/uploads\/2026\/04\/DSC_0988-1024x683.jpg 1024w, https:\/\/smct.duquedecaxias.rj.gov.br\/noticias\/wp-content\/uploads\/2026\/04\/DSC_0988-300x200.jpg 300w, https:\/\/smct.duquedecaxias.rj.gov.br\/noticias\/wp-content\/uploads\/2026\/04\/DSC_0988-768x512.jpg 768w, https:\/\/smct.duquedecaxias.rj.gov.br\/noticias\/wp-content\/uploads\/2026\/04\/DSC_0988-1536x1024.jpg 1536w, https:\/\/smct.duquedecaxias.rj.gov.br\/noticias\/wp-content\/uploads\/2026\/04\/DSC_0988-2048x1365.jpg 2048w\" sizes=\"(max-width: 1024px) 100vw, 1024px\" \/><figcaption class=\"wp-element-caption\">(Foto: Gabriele Pereira | SMCT\/DC)<\/figcaption><\/figure>\n\n\n\n<p>Como atra\u00e7\u00e3o principal da primeira edi\u00e7\u00e3o do Louva Caxias, Mattos encheu a Pra\u00e7a do Pacificador de f\u00e3s, que cantavam em coro as suas m\u00fasicas de maiores sucessos. No meio do show, a fam\u00edlia do m\u00fasico subiu ao palco para reverenci\u00e1-lo e agradecer ao p\u00fablico presente.&nbsp;<\/p>\n\n\n\n<figure class=\"wp-block-image size-large\"><img decoding=\"async\" width=\"1024\" height=\"683\" src=\"https:\/\/smct.duquedecaxias.rj.gov.br\/noticias\/wp-content\/uploads\/2026\/04\/DSC_0874-1024x683.jpg\" alt=\"\" class=\"wp-image-3273\" srcset=\"https:\/\/smct.duquedecaxias.rj.gov.br\/noticias\/wp-content\/uploads\/2026\/04\/DSC_0874-1024x683.jpg 1024w, https:\/\/smct.duquedecaxias.rj.gov.br\/noticias\/wp-content\/uploads\/2026\/04\/DSC_0874-300x200.jpg 300w, https:\/\/smct.duquedecaxias.rj.gov.br\/noticias\/wp-content\/uploads\/2026\/04\/DSC_0874-768x512.jpg 768w, https:\/\/smct.duquedecaxias.rj.gov.br\/noticias\/wp-content\/uploads\/2026\/04\/DSC_0874-1536x1024.jpg 1536w, https:\/\/smct.duquedecaxias.rj.gov.br\/noticias\/wp-content\/uploads\/2026\/04\/DSC_0874-2048x1365.jpg 2048w\" sizes=\"(max-width: 1024px) 100vw, 1024px\" \/><figcaption class=\"wp-element-caption\">(Foto: Gabriele Pereira | SMCT\/DC)<\/figcaption><\/figure>\n\n\n\n<p>O evento tamb\u00e9m contou com grandes participa\u00e7\u00f5es, como Marcus Salles, Willian Nascimento, DJ Carlinhos, Minist\u00e9rio Sarando a Terra Ferida, Gabriella Reis e Carol Nascimento.&nbsp;<\/p>\n\n\n\n<p>O 1\u00aa Louva Caxias foi realizado pela produtora cultural Enilda Novaes, com apoio da Prefeitura de Duque de Caxias, por meio da Secretaria Municipal de Cultura e Turismo (SMCT\/DC).<\/p>\n\n\n\n<figure class=\"wp-block-image size-large\"><img decoding=\"async\" width=\"1024\" height=\"683\" src=\"https:\/\/smct.duquedecaxias.rj.gov.br\/noticias\/wp-content\/uploads\/2026\/04\/DSC_0907-1024x683.jpg\" alt=\"\" class=\"wp-image-3276\" srcset=\"https:\/\/smct.duquedecaxias.rj.gov.br\/noticias\/wp-content\/uploads\/2026\/04\/DSC_0907-1024x683.jpg 1024w, https:\/\/smct.duquedecaxias.rj.gov.br\/noticias\/wp-content\/uploads\/2026\/04\/DSC_0907-300x200.jpg 300w, https:\/\/smct.duquedecaxias.rj.gov.br\/noticias\/wp-content\/uploads\/2026\/04\/DSC_0907-768x512.jpg 768w, https:\/\/smct.duquedecaxias.rj.gov.br\/noticias\/wp-content\/uploads\/2026\/04\/DSC_0907-1536x1024.jpg 1536w, https:\/\/smct.duquedecaxias.rj.gov.br\/noticias\/wp-content\/uploads\/2026\/04\/DSC_0907-2048x1365.jpg 2048w\" sizes=\"(max-width: 1024px) 100vw, 1024px\" \/><figcaption class=\"wp-element-caption\">(Foto: Gabriele Pereira | SMCT\/DC)<\/figcaption><\/figure>\n\n\n\n<figure class=\"wp-block-image size-large\"><img loading=\"lazy\" decoding=\"async\" width=\"1024\" height=\"683\" src=\"https:\/\/smct.duquedecaxias.rj.gov.br\/noticias\/wp-content\/uploads\/2026\/04\/DSC_0946-1024x683.jpg\" alt=\"\" class=\"wp-image-3277\" srcset=\"https:\/\/smct.duquedecaxias.rj.gov.br\/noticias\/wp-content\/uploads\/2026\/04\/DSC_0946-1024x683.jpg 1024w, https:\/\/smct.duquedecaxias.rj.gov.br\/noticias\/wp-content\/uploads\/2026\/04\/DSC_0946-300x200.jpg 300w, https:\/\/smct.duquedecaxias.rj.gov.br\/noticias\/wp-content\/uploads\/2026\/04\/DSC_0946-768x512.jpg 768w, https:\/\/smct.duquedecaxias.rj.gov.br\/noticias\/wp-content\/uploads\/2026\/04\/DSC_0946-1536x1024.jpg 1536w, https:\/\/smct.duquedecaxias.rj.gov.br\/noticias\/wp-content\/uploads\/2026\/04\/DSC_0946-2048x1365.jpg 2048w\" sizes=\"(max-width: 1024px) 100vw, 1024px\" \/><figcaption class=\"wp-element-caption\">(Foto: Gabriele Pereira | SMCT\/DC)<\/figcaption><\/figure>\n\n\n\n<figure class=\"wp-block-image size-large\"><img loading=\"lazy\" decoding=\"async\" width=\"1024\" height=\"684\" src=\"https:\/\/smct.duquedecaxias.rj.gov.br\/noticias\/wp-content\/uploads\/2026\/04\/DSC04270-1-1024x684.jpg\" alt=\"\" class=\"wp-image-3280\" srcset=\"https:\/\/smct.duquedecaxias.rj.gov.br\/noticias\/wp-content\/uploads\/2026\/04\/DSC04270-1-1024x684.jpg 1024w, https:\/\/smct.duquedecaxias.rj.gov.br\/noticias\/wp-content\/uploads\/2026\/04\/DSC04270-1-300x200.jpg 300w, https:\/\/smct.duquedecaxias.rj.gov.br\/noticias\/wp-content\/uploads\/2026\/04\/DSC04270-1-768x513.jpg 768w, https:\/\/smct.duquedecaxias.rj.gov.br\/noticias\/wp-content\/uploads\/2026\/04\/DSC04270-1-1536x1027.jpg 1536w, https:\/\/smct.duquedecaxias.rj.gov.br\/noticias\/wp-content\/uploads\/2026\/04\/DSC04270-1.jpg 1616w\" sizes=\"(max-width: 1024px) 100vw, 1024px\" \/><figcaption class=\"wp-element-caption\">(Foto: Carol Guedes)<\/figcaption><\/figure>\n\n\n\n<figure class=\"wp-block-image size-large\"><img loading=\"lazy\" decoding=\"async\" width=\"1024\" height=\"684\" src=\"https:\/\/smct.duquedecaxias.rj.gov.br\/noticias\/wp-content\/uploads\/2026\/04\/DSC04730-1024x684.jpg\" alt=\"\" class=\"wp-image-3281\" srcset=\"https:\/\/smct.duquedecaxias.rj.gov.br\/noticias\/wp-content\/uploads\/2026\/04\/DSC04730-1024x684.jpg 1024w, https:\/\/smct.duquedecaxias.rj.gov.br\/noticias\/wp-content\/uploads\/2026\/04\/DSC04730-300x200.jpg 300w, https:\/\/smct.duquedecaxias.rj.gov.br\/noticias\/wp-content\/uploads\/2026\/04\/DSC04730-768x513.jpg 768w, https:\/\/smct.duquedecaxias.rj.gov.br\/noticias\/wp-content\/uploads\/2026\/04\/DSC04730-1536x1027.jpg 1536w, https:\/\/smct.duquedecaxias.rj.gov.br\/noticias\/wp-content\/uploads\/2026\/04\/DSC04730.jpg 1616w\" sizes=\"(max-width: 1024px) 100vw, 1024px\" \/><figcaption class=\"wp-element-caption\">(Foto: Carol Guedes)<\/figcaption><\/figure>\n\n\n\n<figure class=\"wp-block-image size-large\"><img loading=\"lazy\" decoding=\"async\" width=\"576\" height=\"1024\" src=\"https:\/\/smct.duquedecaxias.rj.gov.br\/noticias\/wp-content\/uploads\/2026\/04\/WhatsApp-Image-2026-04-27-at-20.04.04-576x1024.jpeg\" alt=\"\" class=\"wp-image-3283\" srcset=\"https:\/\/smct.duquedecaxias.rj.gov.br\/noticias\/wp-content\/uploads\/2026\/04\/WhatsApp-Image-2026-04-27-at-20.04.04-576x1024.jpeg 576w, https:\/\/smct.duquedecaxias.rj.gov.br\/noticias\/wp-content\/uploads\/2026\/04\/WhatsApp-Image-2026-04-27-at-20.04.04-169x300.jpeg 169w, https:\/\/smct.duquedecaxias.rj.gov.br\/noticias\/wp-content\/uploads\/2026\/04\/WhatsApp-Image-2026-04-27-at-20.04.04-768x1366.jpeg 768w, https:\/\/smct.duquedecaxias.rj.gov.br\/noticias\/wp-content\/uploads\/2026\/04\/WhatsApp-Image-2026-04-27-at-20.04.04-864x1536.jpeg 864w, https:\/\/smct.duquedecaxias.rj.gov.br\/noticias\/wp-content\/uploads\/2026\/04\/WhatsApp-Image-2026-04-27-at-20.04.04.jpeg 899w\" sizes=\"(max-width: 576px) 100vw, 576px\" \/><figcaption class=\"wp-element-caption\">(Foto: Thiago Batista | SMCT\/DC)<\/figcaption><\/figure>\n\n\n\n<figure class=\"wp-block-image size-large\"><img loading=\"lazy\" decoding=\"async\" width=\"1024\" height=\"683\" src=\"https:\/\/smct.duquedecaxias.rj.gov.br\/noticias\/wp-content\/uploads\/2026\/04\/DSC_0893-1024x683.jpg\" alt=\"\" class=\"wp-image-3274\" srcset=\"https:\/\/smct.duquedecaxias.rj.gov.br\/noticias\/wp-content\/uploads\/2026\/04\/DSC_0893-1024x683.jpg 1024w, https:\/\/smct.duquedecaxias.rj.gov.br\/noticias\/wp-content\/uploads\/2026\/04\/DSC_0893-300x200.jpg 300w, https:\/\/smct.duquedecaxias.rj.gov.br\/noticias\/wp-content\/uploads\/2026\/04\/DSC_0893-768x512.jpg 768w, https:\/\/smct.duquedecaxias.rj.gov.br\/noticias\/wp-content\/uploads\/2026\/04\/DSC_0893-1536x1024.jpg 1536w, https:\/\/smct.duquedecaxias.rj.gov.br\/noticias\/wp-content\/uploads\/2026\/04\/DSC_0893-2048x1365.jpg 2048w\" sizes=\"(max-width: 1024px) 100vw, 1024px\" \/><figcaption class=\"wp-element-caption\">(Foto: Gabriele Pereira | SMCT\/DC)<\/figcaption><\/figure>\n\n\n\n<figure class=\"wp-block-image size-large\"><img loading=\"lazy\" decoding=\"async\" width=\"1024\" height=\"683\" src=\"https:\/\/smct.duquedecaxias.rj.gov.br\/noticias\/wp-content\/uploads\/2026\/04\/DSC_0990-1024x683.jpg\" alt=\"\" class=\"wp-image-3279\" srcset=\"https:\/\/smct.duquedecaxias.rj.gov.br\/noticias\/wp-content\/uploads\/2026\/04\/DSC_0990-1024x683.jpg 1024w, https:\/\/smct.duquedecaxias.rj.gov.br\/noticias\/wp-content\/uploads\/2026\/04\/DSC_0990-300x200.jpg 300w, https:\/\/smct.duquedecaxias.rj.gov.br\/noticias\/wp-content\/uploads\/2026\/04\/DSC_0990-768x512.jpg 768w, https:\/\/smct.duquedecaxias.rj.gov.br\/noticias\/wp-content\/uploads\/2026\/04\/DSC_0990-1536x1024.jpg 1536w, https:\/\/smct.duquedecaxias.rj.gov.br\/noticias\/wp-content\/uploads\/2026\/04\/DSC_0990-2048x1365.jpg 2048w\" sizes=\"(max-width: 1024px) 100vw, 1024px\" \/><figcaption class=\"wp-element-caption\">(Foto: Gabriele Pereira | SMCT\/DC)<\/figcaption><\/figure>\n\n\n\n<p><\/p>\n","protected":false},"excerpt":{"rendered":"<p>O 1\u00aa Louva Caxias contou com v\u00e1rias participa\u00e7\u00f5es especiais do meio gospel.<\/p>\n","protected":false},"author":4,"featured_media":3275,"comment_status":"open","ping_status":"closed","sticky":false,"template":"","format":"standard","meta":{"footnotes":""},"categories":[1],"tags":[477,129,478,59,115],"class_list":["post-3272","post","type-post","status-publish","format-standard","has-post-thumbnail","hentry","category-cultura-e-turismo","tag-1a-louva-caxias","tag-duque-de-caxias","tag-mattos-nascimento","tag-praca-do-pacificador","tag-teatro-raul-cortez"],"_links":{"self":[{"href":"https:\/\/smct.duquedecaxias.rj.gov.br\/noticias\/wp-json\/wp\/v2\/posts\/3272","targetHints":{"allow":["GET"]}}],"collection":[{"href":"https:\/\/smct.duquedecaxias.rj.gov.br\/noticias\/wp-json\/wp\/v2\/posts"}],"about":[{"href":"https:\/\/smct.duquedecaxias.rj.gov.br\/noticias\/wp-json\/wp\/v2\/types\/post"}],"author":[{"embeddable":true,"href":"https:\/\/smct.duquedecaxias.rj.gov.br\/noticias\/wp-json\/wp\/v2\/users\/4"}],"replies":[{"embeddable":true,"href":"https:\/\/smct.duquedecaxias.rj.gov.br\/noticias\/wp-json\/wp\/v2\/comments?post=3272"}],"version-history":[{"count":2,"href":"https:\/\/smct.duquedecaxias.rj.gov.br\/noticias\/wp-json\/wp\/v2\/posts\/3272\/revisions"}],"predecessor-version":[{"id":3284,"href":"https:\/\/smct.duquedecaxias.rj.gov.br\/noticias\/wp-json\/wp\/v2\/posts\/3272\/revisions\/3284"}],"wp:featuredmedia":[{"embeddable":true,"href":"https:\/\/smct.duquedecaxias.rj.gov.br\/noticias\/wp-json\/wp\/v2\/media\/3275"}],"wp:attachment":[{"href":"https:\/\/smct.duquedecaxias.rj.gov.br\/noticias\/wp-json\/wp\/v2\/media?parent=3272"}],"wp:term":[{"taxonomy":"category","embeddable":true,"href":"https:\/\/smct.duquedecaxias.rj.gov.br\/noticias\/wp-json\/wp\/v2\/categories?post=3272"},{"taxonomy":"post_tag","embeddable":true,"href":"https:\/\/smct.duquedecaxias.rj.gov.br\/noticias\/wp-json\/wp\/v2\/tags?post=3272"}],"curies":[{"name":"wp","href":"https:\/\/api.w.org\/{rel}","templated":true}]}}