{"id":3285,"date":"2026-04-28T11:28:23","date_gmt":"2026-04-28T19:28:23","guid":{"rendered":"https:\/\/smct.duquedecaxias.rj.gov.br\/noticias\/?p=3285"},"modified":"2026-04-28T11:28:23","modified_gmt":"2026-04-28T19:28:23","slug":"mumuzinho-sera-atracao-principal-do-baixada-em-foco-em-duque-de-caxias","status":"publish","type":"post","link":"https:\/\/smct.duquedecaxias.rj.gov.br\/noticias\/mumuzinho-sera-atracao-principal-do-baixada-em-foco-em-duque-de-caxias\/","title":{"rendered":"Mumuzinho ser\u00e1 atra\u00e7\u00e3o principal do Baixada em Foco em Duque de Caxias"},"content":{"rendered":"\n<p>Duque de Caxias vai receber na pr\u00f3xima quinta-feira (30), o evento \u201cBaixada em Foco\u201d, em comemora\u00e7\u00e3o ao Dia da Baixada Fluminense, com show gratuito do cantor Mumuzinho, no palco aberto do Teatro Municipal Raul Cortez, virado para a Pra\u00e7a do Pacificador.&nbsp;<\/p>\n\n\n\n<p>Al\u00e9m da atra\u00e7\u00e3o musical, que tamb\u00e9m vai contar com a DJ Alinne Brand\u00e3o, o Baixada em Foco vai levar \u00e0 popula\u00e7\u00e3o caxiense apresenta\u00e7\u00e3o teatral, oficinas, recrea\u00e7\u00e3o infantil e esportiva, brinquedos eletr\u00f4nicos, ponto de leitura, campanhas sobre os direitos da crian\u00e7a e do adolescente, exposi\u00e7\u00e3o sobre alimenta\u00e7\u00e3o saud\u00e1vel, feira de economia criativa e muito mais atrativos.&nbsp;<\/p>\n\n\n\n<p>Confira a programa\u00e7\u00e3o completa:<\/p>\n\n\n\n<p><strong>Apresenta\u00e7\u00e3o Teatral \u201cLa M\u00e1gica\u201d<\/strong><\/p>\n\n\n\n<p>09h e 14h;<\/p>\n\n\n\n<p><strong>Brinquedos<\/strong><\/p>\n\n\n\n<p>8h \u00e0s 16h;<\/p>\n\n\n\n<p><strong>Recrea\u00e7\u00e3o Esportiva<\/strong><\/p>\n\n\n\n<p>8h \u00e0s 16h;<\/p>\n\n\n\n<p><strong>Locu\u00e7\u00e3o Animada<\/strong><\/p>\n\n\n\n<p>14h \u00e0s 21h;<\/p>\n\n\n\n<p><strong>Exposi\u00e7\u00e3o interativa BXD Card Game &#8211; Lugares em Duque de Caxias<\/strong><\/p>\n\n\n\n<p>8h \u00e0s 16h;<\/p>\n\n\n\n<p><strong>Palestra \u201cEu tenho um vulc\u00e3o, p\u00f4!\u201d<\/strong><\/p>\n\n\n\n<p>8h \u00e0s 16h;<\/p>\n\n\n\n<p><strong>Conhecendo aonde piso &#8211; Baixada Fluminense<\/strong><\/p>\n\n\n\n<p>8h \u00e0s16h;<\/p>\n\n\n\n<p><strong>Viv\u00eancia passado e presente BXD<\/strong><\/p>\n\n\n\n<p>8h \u00e0s 16h;<\/p>\n\n\n\n<p><strong>Espa\u00e7o Imersivo BXD<\/strong><\/p>\n\n\n\n<p>8h \u00e0s 16h;<\/p>\n\n\n\n<p><strong>Baixada em 3D<\/strong><\/p>\n\n\n\n<p>8h \u00e0s 16h;<\/p>\n\n\n\n<p><strong>Campanha n\u00e3o \u00e9 n\u00e3o em qualquer l\u00edngua<\/strong><\/p>\n\n\n\n<p>8h \u00e0s 16h;<\/p>\n\n\n\n<p><strong>Campanha Direitos da Crian\u00e7a e do Adolescente\u00a0<\/strong><\/p>\n\n\n\n<p>8h \u00e0s 16h;<\/p>\n\n\n\n<p><strong>Campanha de Enfrentamento a Viol\u00eancia contra Mulheres e Meninas<\/strong><\/p>\n\n\n\n<p>8h \u00e0s 16h;<\/p>\n\n\n\n<p><strong>Campanha do Tr\u00e2nsito<\/strong><\/p>\n\n\n\n<p>8h \u00e0s 16h;<\/p>\n\n\n\n<p><strong>Crias da Baixada<\/strong><\/p>\n\n\n\n<p>8h \u00e0s 16h;<\/p>\n\n\n\n<p><strong>Campanha Charme da Baixada<\/strong><\/p>\n\n\n\n<p>8h \u00e0s 16h;<\/p>\n\n\n\n<p><strong>Instante Criativo &#8211; Chaveiros\u00a0<\/strong><\/p>\n\n\n\n<p>8h \u00e0s 16h;<\/p>\n\n\n\n<p><strong>Instante Criativo &#8211; Scrunchie<\/strong><\/p>\n\n\n\n<p>8h \u00e0s 16h;<\/p>\n\n\n\n<p><strong>Instante Criativo &#8211; Bijuterias\u00a0<\/strong><\/p>\n\n\n\n<p>8h \u00e0s 16h;<\/p>\n\n\n\n<p><strong>Feira de Economia Criativa<\/strong><\/p>\n\n\n\n<p>8h \u00e0s 16h;<\/p>\n\n\n\n<p><strong>Exposi\u00e7\u00e3o Orientativa &#8211; Sa\u00fade<\/strong><\/p>\n\n\n\n<p>8h \u00e0s 16h;<\/p>\n\n\n\n<p><strong>Apresenta\u00e7\u00e3o Art\u00edstica<\/strong><\/p>\n\n\n\n<p>15h;<\/p>\n\n\n\n<p><strong>Campanha de Enfrentamento ao Etarismo<\/strong><\/p>\n\n\n\n<p>8h \u00e0s 16h;<\/p>\n\n\n\n<p><strong>Campanha \u201cVozes da Baixada\u201d<\/strong><\/p>\n\n\n\n<p>8h \u00e0s 16h;<\/p>\n\n\n\n<p><strong>Flashmob Ritmos da Baixada<\/strong><\/p>\n\n\n\n<p>8h \u00e0s 16h;<\/p>\n\n\n\n<p><strong>Interven\u00e7\u00e3o Art\u00edstica \u201cRespirar o Futuro\u201d<\/strong><\/p>\n\n\n\n<p>14h \u00e0s 15h;<\/p>\n\n\n\n<p><strong>Oficina de Plantio<\/strong><\/p>\n\n\n\n<p>13h \u00e0s 16h;<\/p>\n\n\n\n<p><strong>Oficina de Autocuidado com produtos naturais<\/strong><\/p>\n\n\n\n<p>10h \u00e0s 12h;<\/p>\n\n\n\n<p><strong>Campanha \u201cNa minha cabe\u00e7a tem hist\u00f3ria\u201d<\/strong><\/p>\n\n\n\n<p>8h \u00e0s 16h;<\/p>\n\n\n\n<p><strong>Campanha \u201cRitmos pelo mundo\u201d<\/strong><\/p>\n\n\n\n<p>8h \u00e0s 16h;<\/p>\n\n\n\n<p><strong>Cordelistas da Baixada<\/strong><\/p>\n\n\n\n<p>10h \u00e0s 16h;<\/p>\n\n\n\n<p><strong>Oficina de Marcadores &#8211; Hist\u00f3rias da Baixada<\/strong><\/p>\n\n\n\n<p>8h \u00e0s 16h;<\/p>\n\n\n\n<p><strong>Oficina de Malabarismo<\/strong><\/p>\n\n\n\n<p>10h \u00e0s 18h;<\/p>\n\n\n\n<p><strong>Luz, c\u00e2mera e quest\u00e3o<\/strong><\/p>\n\n\n\n<p>11h e 14h;<\/p>\n\n\n\n<p><strong>Show Mumuzinho<\/strong><\/p>\n\n\n\n<p>20h.<\/p>\n\n\n\n<p>A programa\u00e7\u00e3o est\u00e1 sujeita a altera\u00e7\u00e3o. O Baixada em Foco \u00e9 uma realiza\u00e7\u00e3o do Sesc Duque de Caxias, em parceria com o Sindivarejo e a Prefeitura de Duque de Caxias, por meio da Secretaria Municipal de Cultura e Turismo (SMCT\/DC).&nbsp;<\/p>\n\n\n\n<p><\/p>\n","protected":false},"excerpt":{"rendered":"<p>Veja a programa\u00e7\u00e3o completa. <\/p>\n","protected":false},"author":4,"featured_media":3286,"comment_status":"open","ping_status":"closed","sticky":false,"template":"","format":"standard","meta":{"footnotes":""},"categories":[1],"tags":[287,129,479,49,115],"class_list":["post-3285","post","type-post","status-publish","format-standard","has-post-thumbnail","hentry","category-cultura-e-turismo","tag-baixada-em-foco","tag-duque-de-caxias","tag-mumuzinho","tag-sesc","tag-teatro-raul-cortez"],"_links":{"self":[{"href":"https:\/\/smct.duquedecaxias.rj.gov.br\/noticias\/wp-json\/wp\/v2\/posts\/3285","targetHints":{"allow":["GET"]}}],"collection":[{"href":"https:\/\/smct.duquedecaxias.rj.gov.br\/noticias\/wp-json\/wp\/v2\/posts"}],"about":[{"href":"https:\/\/smct.duquedecaxias.rj.gov.br\/noticias\/wp-json\/wp\/v2\/types\/post"}],"author":[{"embeddable":true,"href":"https:\/\/smct.duquedecaxias.rj.gov.br\/noticias\/wp-json\/wp\/v2\/users\/4"}],"replies":[{"embeddable":true,"href":"https:\/\/smct.duquedecaxias.rj.gov.br\/noticias\/wp-json\/wp\/v2\/comments?post=3285"}],"version-history":[{"count":1,"href":"https:\/\/smct.duquedecaxias.rj.gov.br\/noticias\/wp-json\/wp\/v2\/posts\/3285\/revisions"}],"predecessor-version":[{"id":3287,"href":"https:\/\/smct.duquedecaxias.rj.gov.br\/noticias\/wp-json\/wp\/v2\/posts\/3285\/revisions\/3287"}],"wp:featuredmedia":[{"embeddable":true,"href":"https:\/\/smct.duquedecaxias.rj.gov.br\/noticias\/wp-json\/wp\/v2\/media\/3286"}],"wp:attachment":[{"href":"https:\/\/smct.duquedecaxias.rj.gov.br\/noticias\/wp-json\/wp\/v2\/media?parent=3285"}],"wp:term":[{"taxonomy":"category","embeddable":true,"href":"https:\/\/smct.duquedecaxias.rj.gov.br\/noticias\/wp-json\/wp\/v2\/categories?post=3285"},{"taxonomy":"post_tag","embeddable":true,"href":"https:\/\/smct.duquedecaxias.rj.gov.br\/noticias\/wp-json\/wp\/v2\/tags?post=3285"}],"curies":[{"name":"wp","href":"https:\/\/api.w.org\/{rel}","templated":true}]}}