{"id":3673,"date":"2026-08-31T08:04:12","date_gmt":"2026-08-31T16:04:12","guid":{"rendered":"https:\/\/smct.duquedecaxias.rj.gov.br\/noticias\/?p=3673"},"modified":"2026-08-31T08:04:12","modified_gmt":"2026-08-31T16:04:12","slug":"moda-identidade-cultura-e-empreendedorismo-vem-ai-o-festival-caxias-fashion-2026","status":"publish","type":"post","link":"https:\/\/smct.duquedecaxias.rj.gov.br\/noticias\/moda-identidade-cultura-e-empreendedorismo-vem-ai-o-festival-caxias-fashion-2026\/","title":{"rendered":"Moda, identidade, cultura e empreendedorismo: vem a\u00ed o Festival Caxias Fashion 2026"},"content":{"rendered":"\n<p>De 10 a 13 de setembro de 2026, o Caxias Shopping recebe uma nova edi\u00e7\u00e3o do Festival Caxias Fashion \u2013 FCF26, evento gratuito que re\u00fane moda, arte, cultura, empreendedorismo e economia criativa em uma programa\u00e7\u00e3o voltada \u00e0 valoriza\u00e7\u00e3o da identidade e dos talentos da Baixada Fluminense.<\/p>\n\n\n\n<p>Depois do sucesso da edi\u00e7\u00e3o de 2025, o Festival Caxias Fashion retorna em 2026 com uma programa\u00e7\u00e3o ainda mais diversificada, reunindo desfiles de moda, feira de empreendedorismo, oficinas, pain\u00e9is de debate, manifesta\u00e7\u00f5es art\u00edsticas, cultura e experi\u00eancias criativas.<\/p>\n\n\n\n<p>Mais do que um evento de moda, o Caxias Fashion \u00e9 um espa\u00e7o de encontro, visibilidade e valoriza\u00e7\u00e3o de quem cria e empreende no territ\u00f3rio. A proposta \u00e9 conectar moda, cultura, arte, sustentabilidade e empreendedorismo, abrindo espa\u00e7o para estilistas, artes\u00e3os, artistas, empreendedores, produtores culturais e novos talentos apresentarem seus trabalhos e ampliarem suas conex\u00f5es.<\/p>\n\n\n\n<p>Na edi\u00e7\u00e3o anterior, o p\u00fablico acompanhou desfiles, feira de empreendedorismo local, oficinas de artes, croch\u00ea e macram\u00ea, al\u00e9m de pain\u00e9is sobre empreendedorismo, inclus\u00e3o, cotas raciais, intelig\u00eancia emocional e outros temas contempor\u00e2neos, reunindo convidados e profissionais de diferentes \u00e1reas.<\/p>\n\n\n\n<figure class=\"wp-block-image size-full\"><img fetchpriority=\"high\" decoding=\"async\" width=\"1024\" height=\"683\" src=\"https:\/\/smct.duquedecaxias.rj.gov.br\/noticias\/wp-content\/uploads\/2026\/08\/55396791690_59c9fce795_b-1.jpg\" alt=\"\" class=\"wp-image-3677\" srcset=\"https:\/\/smct.duquedecaxias.rj.gov.br\/noticias\/wp-content\/uploads\/2026\/08\/55396791690_59c9fce795_b-1.jpg 1024w, https:\/\/smct.duquedecaxias.rj.gov.br\/noticias\/wp-content\/uploads\/2026\/08\/55396791690_59c9fce795_b-1-300x200.jpg 300w, https:\/\/smct.duquedecaxias.rj.gov.br\/noticias\/wp-content\/uploads\/2026\/08\/55396791690_59c9fce795_b-1-768x512.jpg 768w\" sizes=\"(max-width: 1024px) 100vw, 1024px\" \/><\/figure>\n\n\n\n<p><em>Na edi\u00e7\u00e3o anterior, o Festival Caxias Fashion contou com diversos expositores de produtos artesanais (Foto: Divulga\u00e7\u00e3o)<\/em><\/p>\n\n\n\n<figure class=\"wp-block-image size-full\"><img decoding=\"async\" width=\"1024\" height=\"683\" src=\"https:\/\/smct.duquedecaxias.rj.gov.br\/noticias\/wp-content\/uploads\/2026\/08\/55395738246_83173203a7_b.jpg\" alt=\"\" class=\"wp-image-3676\" srcset=\"https:\/\/smct.duquedecaxias.rj.gov.br\/noticias\/wp-content\/uploads\/2026\/08\/55395738246_83173203a7_b.jpg 1024w, https:\/\/smct.duquedecaxias.rj.gov.br\/noticias\/wp-content\/uploads\/2026\/08\/55395738246_83173203a7_b-300x200.jpg 300w, https:\/\/smct.duquedecaxias.rj.gov.br\/noticias\/wp-content\/uploads\/2026\/08\/55395738246_83173203a7_b-768x512.jpg 768w\" sizes=\"(max-width: 1024px) 100vw, 1024px\" \/><\/figure>\n\n\n\n<p><em>Oficina de macram\u00ea durante o Festival Caxias Fashion 2025 (Foto: Divulga\u00e7\u00e3o)<\/em><\/p>\n\n\n\n<p>Em 2026, o festival amplia essa experi\u00eancia e refor\u00e7a seu compromisso com o fortalecimento da economia criativa da Baixada Fluminense, reconhecendo a moda tamb\u00e9m como express\u00e3o de identidade, pertencimento, gera\u00e7\u00e3o de oportunidades e desenvolvimento local.<\/p>\n\n\n\n<p>Durante quatro dias, o p\u00fablico poder\u00e1 conhecer diferentes express\u00f5es da criatividade da regi\u00e3o e participar gratuitamente de uma programa\u00e7\u00e3o pensada para aproximar pessoas, ideias, neg\u00f3cios e cultura.<\/p>\n\n\n\n<p>O Festival Caxias Fashion 2026 reafirma, assim, a pot\u00eancia criativa da Baixada Fluminense e contribui para posicionar Duque de Caxias como territ\u00f3rio de moda, cultura, empreendedorismo e economia criativa.<\/p>\n\n\n\n<p>O FCF26 \u00e9 profuzido pela&nbsp; Pop Show Produ\u00e7\u00f5es e Eventos, projeto cultural realizado com recursos da Pol\u00edtica Nacional Aldir Blanc de Fomento \u00e0 Cultura (PNAB), por meio do Governo Federal, Minist\u00e9rio da Cultura, Governo do Estado do Rio de Janeiro e Secretaria de Estado de Cultura e Economia Criativa do Rio de Janeiro. O evento ainda conta com o apoio da Secretaria de Cultura e Turismo de Duque de Caxias (SMCT\/DC).<\/p>\n\n\n\n<p><strong>SERVI\u00c7O<\/strong><\/p>\n\n\n\n<p>Festival Caxias Fashion 2026 \u2013 FCF26<\/p>\n\n\n\n<p>Data: 10 a 13 de setembro de 2026<\/p>\n\n\n\n<p>Hor\u00e1rio: 14h \u00e0s 22h<\/p>\n\n\n\n<p>Local: Caxias Shopping \u2013 Estacionamento B, Entrada Principal<\/p>\n\n\n\n<p>Endere\u00e7o: Rodovia Washington Luiz, 2.895 \u2013 Parque Duque \u2013 Duque de Caxias\/RJ<\/p>\n\n\n\n<p>Entrada: Gratuita e aberta ao p\u00fablico.<\/p>\n","protected":false},"excerpt":{"rendered":"<p>De 10 a 13 de setembro de 2026, o Caxias Shopping recebe uma nova edi\u00e7\u00e3o do Festival Caxias Fashion \u2013 FCF26, evento gratuito que re\u00fane moda, arte, cultura, empreendedorismo e economia criativa em uma programa\u00e7\u00e3o voltada \u00e0 valoriza\u00e7\u00e3o da identidade e dos talentos da Baixada Fluminense. Depois do sucesso da edi\u00e7\u00e3o de 2025, o Festival [&hellip;]<\/p>\n","protected":false},"author":9,"featured_media":3674,"comment_status":"open","ping_status":"closed","sticky":false,"template":"","format":"standard","meta":{"footnotes":""},"categories":[1],"tags":[],"class_list":["post-3673","post","type-post","status-publish","format-standard","has-post-thumbnail","hentry","category-cultura-e-turismo"],"_links":{"self":[{"href":"https:\/\/smct.duquedecaxias.rj.gov.br\/noticias\/wp-json\/wp\/v2\/posts\/3673","targetHints":{"allow":["GET"]}}],"collection":[{"href":"https:\/\/smct.duquedecaxias.rj.gov.br\/noticias\/wp-json\/wp\/v2\/posts"}],"about":[{"href":"https:\/\/smct.duquedecaxias.rj.gov.br\/noticias\/wp-json\/wp\/v2\/types\/post"}],"author":[{"embeddable":true,"href":"https:\/\/smct.duquedecaxias.rj.gov.br\/noticias\/wp-json\/wp\/v2\/users\/9"}],"replies":[{"embeddable":true,"href":"https:\/\/smct.duquedecaxias.rj.gov.br\/noticias\/wp-json\/wp\/v2\/comments?post=3673"}],"version-history":[{"count":1,"href":"https:\/\/smct.duquedecaxias.rj.gov.br\/noticias\/wp-json\/wp\/v2\/posts\/3673\/revisions"}],"predecessor-version":[{"id":3678,"href":"https:\/\/smct.duquedecaxias.rj.gov.br\/noticias\/wp-json\/wp\/v2\/posts\/3673\/revisions\/3678"}],"wp:featuredmedia":[{"embeddable":true,"href":"https:\/\/smct.duquedecaxias.rj.gov.br\/noticias\/wp-json\/wp\/v2\/media\/3674"}],"wp:attachment":[{"href":"https:\/\/smct.duquedecaxias.rj.gov.br\/noticias\/wp-json\/wp\/v2\/media?parent=3673"}],"wp:term":[{"taxonomy":"category","embeddable":true,"href":"https:\/\/smct.duquedecaxias.rj.gov.br\/noticias\/wp-json\/wp\/v2\/categories?post=3673"},{"taxonomy":"post_tag","embeddable":true,"href":"https:\/\/smct.duquedecaxias.rj.gov.br\/noticias\/wp-json\/wp\/v2\/tags?post=3673"}],"curies":[{"name":"wp","href":"https:\/\/api.w.org\/{rel}","templated":true}]}}