{"id":3679,"date":"2026-08-31T08:25:57","date_gmt":"2026-08-31T16:25:57","guid":{"rendered":"https:\/\/smct.duquedecaxias.rj.gov.br\/noticias\/?p=3679"},"modified":"2026-08-31T08:25:57","modified_gmt":"2026-08-31T16:25:57","slug":"murilo-couto-e-paulinho-serra-talentos-da-comedia-brasileira-se-apresentam-no-teatro-raul-cortez-em-duque-de-caxias","status":"publish","type":"post","link":"https:\/\/smct.duquedecaxias.rj.gov.br\/noticias\/murilo-couto-e-paulinho-serra-talentos-da-comedia-brasileira-se-apresentam-no-teatro-raul-cortez-em-duque-de-caxias\/","title":{"rendered":"Murilo Couto e Paulinho Serra, talentos da com\u00e9dia brasileira, se apresentam no Teatro Raul Cortez, em Duque de Caxias"},"content":{"rendered":"\n<p>O Teatro Raul Cortez, no Centro de Duque de Caxias, preparou uma semana recheada de grandes nomes da com\u00e9dia brasileira, com espet\u00e1culos de Murilo Couto e Paulinho Serra. Musicais sobre o empoderamento feminino e combate \u00e0 intoler\u00e2ncia religiosa tamb\u00e9m est\u00e3o entre as atra\u00e7\u00f5es. Confira a agenda completa a seguir.<\/p>\n\n\n\n<p>Iniciando a semana, \u201cGuerreiras\u201d promete entregar um espet\u00e1culo l\u00edrico-c\u00eanico que re\u00fane canto, piano, teatro e proje\u00e7\u00f5es para celebrar a for\u00e7a, a resist\u00eancia e a pot\u00eancia criativa das mulheres. Em cena, a soprano Ana Lia Alves, a pianista Sulamita Lage \u2014 integrantes do Duo Pretas \u2014 e a atriz Soraia Arnoni conduzem o p\u00fablico por uma experi\u00eancia que articula m\u00fasica, dramaturgia, mem\u00f3ria e representatividade.<\/p>\n\n\n\n<p>O espet\u00e1culo homenageia mulheres que transformaram a hist\u00f3ria por meio de sua coragem, talento e atua\u00e7\u00e3o pol\u00edtica, cultural, art\u00edstica e social. A montagem tamb\u00e9m aborda temas como racismo, apagamento hist\u00f3rico, viol\u00eancia de g\u00eanero, ass\u00e9dio e feminic\u00eddio. O espet\u00e1culo, que teve sess\u00f5es em agosto, tem apresenta\u00e7\u00f5es nesta ter\u00e7a (1) e no dia 9 de setembro \u2013 todas \u00e0s 16h. O evento \u00e9 totalmente gratuito e \u00e9 necess\u00e1rio retirar o ingresso via Sympla.<\/p>\n\n\n\n<figure class=\"wp-block-image size-full\"><img fetchpriority=\"high\" decoding=\"async\" width=\"980\" height=\"650\" src=\"https:\/\/smct.duquedecaxias.rj.gov.br\/noticias\/wp-content\/uploads\/2026\/08\/CAPA-PREFEITURA-28.png\" alt=\"\" class=\"wp-image-3606\" srcset=\"https:\/\/smct.duquedecaxias.rj.gov.br\/noticias\/wp-content\/uploads\/2026\/08\/CAPA-PREFEITURA-28.png 980w, https:\/\/smct.duquedecaxias.rj.gov.br\/noticias\/wp-content\/uploads\/2026\/08\/CAPA-PREFEITURA-28-300x199.png 300w, https:\/\/smct.duquedecaxias.rj.gov.br\/noticias\/wp-content\/uploads\/2026\/08\/CAPA-PREFEITURA-28-768x509.png 768w\" sizes=\"(max-width: 980px) 100vw, 980px\" \/><\/figure>\n\n\n\n<p>\u2018<em>Guerreiras\u2019 tem no elenco Ana Lia Alves, Sulamita Lage e Soraia Arnoni. (Foto: Divulga\u00e7\u00e3o)<\/em><\/p>\n\n\n\n<p>Na quarta-feira (2), \u00e0s 21h, Murilo Couto apresenta no Raul Cortez textos in\u00e9ditos sobre atualidades, situa\u00e7\u00f5es do cotidiano e hist\u00f3rias pessoais em um espet\u00e1culo que tamb\u00e9m serve como laborat\u00f3rio para seu pr\u00f3ximo especial de com\u00e9dia.<\/p>\n\n\n\n<p>Cada sess\u00e3o \u00e9 \u00fanica: ideias novas, testes, improvisos e momentos que s\u00f3 quem est\u00e1 presente poder\u00e1 acompanhar. Uma oportunidade especial para os f\u00e3s conhecerem de perto o processo criativo por tr\u00e1s dos v\u00eddeos e conte\u00fados do humorista. Os ingressos custam a partir de R$ 40.<\/p>\n\n\n\n<p>Outro comediante de peso, Paulinho Serra, tamb\u00e9m promete agitar a Baixada Fluminense. O humorista est\u00e1 de volta aos palcos em uma nova fase da carreira e traz para Duque de Caxias, na sexta-feira (4), \u00e0s 20h, o espet\u00e1culo \u201c40+\u201d, um stand-up que mistura humor, mem\u00f3ria e identifica\u00e7\u00e3o geracional.<\/p>\n\n\n\n<p>A partir de temas como amadurecimento, relacionamentos, rotina e as transforma\u00e7\u00f5es da vida adulta, Paulinho transforma experi\u00eancias do cotidiano em boas risadas \u2014 sempre com muito improviso e intera\u00e7\u00e3o com a plateia. Os ingressos custam a partir de R$ 30.<\/p>\n\n\n\n<figure class=\"wp-block-image size-full\"><img decoding=\"async\" width=\"980\" height=\"650\" src=\"https:\/\/smct.duquedecaxias.rj.gov.br\/noticias\/wp-content\/uploads\/2026\/08\/CAPA-PREFEITURA-34.png\" alt=\"\" class=\"wp-image-3681\" srcset=\"https:\/\/smct.duquedecaxias.rj.gov.br\/noticias\/wp-content\/uploads\/2026\/08\/CAPA-PREFEITURA-34.png 980w, https:\/\/smct.duquedecaxias.rj.gov.br\/noticias\/wp-content\/uploads\/2026\/08\/CAPA-PREFEITURA-34-300x199.png 300w, https:\/\/smct.duquedecaxias.rj.gov.br\/noticias\/wp-content\/uploads\/2026\/08\/CAPA-PREFEITURA-34-768x509.png 768w\" sizes=\"(max-width: 980px) 100vw, 980px\" \/><\/figure>\n\n\n\n<p><em>O elenco de &#8216;Arriba&#8217; (Foto: Divulga\u00e7\u00e3o)<\/em><\/p>\n\n\n\n<p>Para fechar a semana, no s\u00e1bado (5), \u00e0s 19h, o Teatro Raul Cortez recebe \u201cArriba\u201d, espet\u00e1culo que mergulha na for\u00e7a ancestral da pombagira cigana para contar uma hist\u00f3ria de mem\u00f3ria, espiritualidade, identidade e resist\u00eancia.<\/p>\n\n\n\n<p>A trama acompanha Cigana, uma jovem criada em uma comunidade onde os saberes s\u00e3o transmitidos de gera\u00e7\u00e3o em gera\u00e7\u00e3o por meio das cartas, dos banhos de ervas, da m\u00fasica, da dan\u00e7a e dos ensinamentos das matriarcas.<\/p>\n\n\n\n<p>Mas a tranquilidade dessa comunidade \u00e9 interrompida pela viol\u00eancia e pela intoler\u00e2ncia de homens que invadem o territ\u00f3rio cigano para perseguir, prender e exterminar sua fam\u00edlia. Diante da trag\u00e9dia, Cigana transforma a dor em resist\u00eancia e assume a miss\u00e3o de manter viva a mem\u00f3ria e a ancestralidade de seu povo. Os ingressos custam a partir de R$ 20.<\/p>\n\n\n\n<p>Acesse a <a href=\"https:\/\/linktr.ee\/teatroraulcortez_\" data-type=\"link\" data-id=\"https:\/\/linktr.ee\/teatroraulcortez_\"><strong>Bilheteria Digital do Teatro Raul Cortez neste link<\/strong><\/a> para comprar suas entradas. O teatro est\u00e1 localizado na Pra\u00e7a do Pacificador, s\/n, Centro, Duque de Caxias.<\/p>\n\n\n\n<p><\/p>\n","protected":false},"excerpt":{"rendered":"<p>O Teatro Raul Cortez, no Centro de Duque de Caxias, preparou uma semana recheada de grandes nomes da com\u00e9dia brasileira, com espet\u00e1culos de Murilo Couto e Paulinho Serra. Musicais sobre o empoderamento feminino e combate \u00e0 intoler\u00e2ncia religiosa tamb\u00e9m est\u00e3o entre as atra\u00e7\u00f5es. Confira a agenda completa a seguir. Iniciando a semana, \u201cGuerreiras\u201d promete entregar [&hellip;]<\/p>\n","protected":false},"author":9,"featured_media":3680,"comment_status":"open","ping_status":"closed","sticky":false,"template":"","format":"standard","meta":{"footnotes":""},"categories":[1],"tags":[],"class_list":["post-3679","post","type-post","status-publish","format-standard","has-post-thumbnail","hentry","category-cultura-e-turismo"],"_links":{"self":[{"href":"https:\/\/smct.duquedecaxias.rj.gov.br\/noticias\/wp-json\/wp\/v2\/posts\/3679","targetHints":{"allow":["GET"]}}],"collection":[{"href":"https:\/\/smct.duquedecaxias.rj.gov.br\/noticias\/wp-json\/wp\/v2\/posts"}],"about":[{"href":"https:\/\/smct.duquedecaxias.rj.gov.br\/noticias\/wp-json\/wp\/v2\/types\/post"}],"author":[{"embeddable":true,"href":"https:\/\/smct.duquedecaxias.rj.gov.br\/noticias\/wp-json\/wp\/v2\/users\/9"}],"replies":[{"embeddable":true,"href":"https:\/\/smct.duquedecaxias.rj.gov.br\/noticias\/wp-json\/wp\/v2\/comments?post=3679"}],"version-history":[{"count":1,"href":"https:\/\/smct.duquedecaxias.rj.gov.br\/noticias\/wp-json\/wp\/v2\/posts\/3679\/revisions"}],"predecessor-version":[{"id":3682,"href":"https:\/\/smct.duquedecaxias.rj.gov.br\/noticias\/wp-json\/wp\/v2\/posts\/3679\/revisions\/3682"}],"wp:featuredmedia":[{"embeddable":true,"href":"https:\/\/smct.duquedecaxias.rj.gov.br\/noticias\/wp-json\/wp\/v2\/media\/3680"}],"wp:attachment":[{"href":"https:\/\/smct.duquedecaxias.rj.gov.br\/noticias\/wp-json\/wp\/v2\/media?parent=3679"}],"wp:term":[{"taxonomy":"category","embeddable":true,"href":"https:\/\/smct.duquedecaxias.rj.gov.br\/noticias\/wp-json\/wp\/v2\/categories?post=3679"},{"taxonomy":"post_tag","embeddable":true,"href":"https:\/\/smct.duquedecaxias.rj.gov.br\/noticias\/wp-json\/wp\/v2\/tags?post=3679"}],"curies":[{"name":"wp","href":"https:\/\/api.w.org\/{rel}","templated":true}]}}