{"id":3684,"date":"2026-08-31T09:16:55","date_gmt":"2026-08-31T17:16:55","guid":{"rendered":"https:\/\/smct.duquedecaxias.rj.gov.br\/noticias\/?p=3684"},"modified":"2026-08-31T09:16:55","modified_gmt":"2026-08-31T17:16:55","slug":"fliduc-confirma-novos-nomes-para-festa-literaria-de-duque-de-caxias","status":"publish","type":"post","link":"https:\/\/smct.duquedecaxias.rj.gov.br\/noticias\/fliduc-confirma-novos-nomes-para-festa-literaria-de-duque-de-caxias\/","title":{"rendered":"FLIDUC confirma novos nomes para Festa Liter\u00e1ria de Duque de Caxias"},"content":{"rendered":"\n<p>A FLIDUC 2026 promete ser um grande encontro dedicado aos livros, \u00e0 literatura, cultura, educa\u00e7\u00e3o e forma\u00e7\u00e3o de leitores. A Festa Liter\u00e1ria de Duque de Caxias vai acontecer de 23 a 26 de setembro, no Centro Cultural Oscar Niemeyer, no cora\u00e7\u00e3o da cidade da Baixada Fluminense. Nesta segunda-feira, a Secretaria Municipal de Cultura e Turismo de Duque de Caxias divulga mais uma lista com grandes nomes confirmados na programa\u00e7\u00e3o.&nbsp;<\/p>\n\n\n\n<p>Igor Pires \u00e9 um desses nomes. Um dos autores de fic\u00e7\u00e3o e poesia mais lidos e vendidos do Brasil na atualidade. Entre suas obras, destaque para \u2018Textos cru\u00e9is demais para serem lidos rapidamente\u2019. Suas produ\u00e7\u00f5es abordam vulnerabilidade, t\u00e9rminos, relacionamentos contempor\u00e2neos e pautas LGBTQIAPN+. Outra presen\u00e7a confirmada \u00e9 a do escritor G\u00ea Coelho. Ele \u00e9 historiador, fil\u00f3sofo, ativista pol\u00edtico e pesquisador do protagonismo social e econ\u00f4mico das favelas no Brasil. Cria da periferia do Rio de Janeiro, \u00e9 autor do livro \u2018Favelismo: A revolu\u00e7\u00e3o que vem das favelas\u2019.&nbsp;<\/p>\n\n\n\n<figure class=\"wp-block-image size-large\"><img fetchpriority=\"high\" decoding=\"async\" width=\"1024\" height=\"576\" src=\"https:\/\/smct.duquedecaxias.rj.gov.br\/noticias\/wp-content\/uploads\/2026\/08\/GE-COELHO-1024x576.jpeg\" alt=\"\" class=\"wp-image-3686\" srcset=\"https:\/\/smct.duquedecaxias.rj.gov.br\/noticias\/wp-content\/uploads\/2026\/08\/GE-COELHO-1024x576.jpeg 1024w, https:\/\/smct.duquedecaxias.rj.gov.br\/noticias\/wp-content\/uploads\/2026\/08\/GE-COELHO-300x169.jpeg 300w, https:\/\/smct.duquedecaxias.rj.gov.br\/noticias\/wp-content\/uploads\/2026\/08\/GE-COELHO-768x432.jpeg 768w, https:\/\/smct.duquedecaxias.rj.gov.br\/noticias\/wp-content\/uploads\/2026\/08\/GE-COELHO.jpeg 1365w\" sizes=\"(max-width: 1024px) 100vw, 1024px\" \/><figcaption class=\"wp-element-caption\">G\u00ea Coelho (Foto: Divulga\u00e7\u00e3o)<\/figcaption><\/figure>\n\n\n\n<p>J\u00e1 o estilista Luiz de Freitas, considerado o \u2018rei da moda masculina\u2019 no Brasil e um dos pioneiros da alta-costura independente no pa\u00eds, foi o primeiro estilista negro a ganhar proje\u00e7\u00e3o internacional no mercado nacional de moda. A escritora e jornalista Karla Monteiro estar\u00e1 na FLIDUC para lan\u00e7ar o livro \u2018Brizola\u2019. Atualmente, ela colabora para ve\u00edculos de jornalismo narrativo e liter\u00e1rio.<\/p>\n\n\n\n<p>P\u00f3s-doutora em Hist\u00f3ria, com \u00eanfase em Rela\u00e7\u00f5es de Poder e Cultura, a Prof\u00aa. Dra. T\u00e2nia Amaro \u00e9 diretora do Instituto Hist\u00f3rico da C\u00e2mara Municipal de Duque de Caxias, onde supervisiona atividades de preserva\u00e7\u00e3o do acervo e pesquisa. Nielson Bezerra \u00e9 autor de 14 livros, p\u00f3s-doutor em Hist\u00f3ria Di\u00e1spora Africana, coordenador do Programa de P\u00f3s-gradua\u00e7\u00e3o em Educa\u00e7\u00e3o, Cultura e Comunica\u00e7\u00e3o em Periferias (PPGECC\/UERJ). Fabr\u00edcio Gaspar \u00e9 Procurador Geral do Munic\u00edpio de Duque de Caxias, advogado, professor e escritor. Sidney Oliveira \u00e9 presidente da Academia Duquecaxiense de Letras e Artes, e escritor com cinco obras publicadas.&nbsp;<\/p>\n\n\n\n<p>Muito mais do que uma programa\u00e7\u00e3o de palestras e lan\u00e7amentos de livros, a FLIDUC pretende ser uma verdadeira celebra\u00e7\u00e3o do conhecimento, criatividade e diversidade cultural. A festa dever\u00e1 reunir p\u00fablico variado e de todas as idades. O evento \u00e9 uma realiza\u00e7\u00e3o da ML Produ\u00e7\u00f5es e Camila Portes Produ\u00e7\u00e3o de Eventos. O projeto foi contemplado pelos editais da Pol\u00edtica Nacional Aldir Blanc (PNAB), recebendo o fomento da Prefeitura de Duque de Caxias, por meio da Secretaria Municipal de Cultura e Turismo, com recursos do Minist\u00e9rio da Cultura, Governo Federal, e do Governo do Estado do Rio de Janeiro, por meio do Fundo Estadual de Cultura, da Secretaria de Estado de Cultura e Economia Criativa.<\/p>\n","protected":false},"excerpt":{"rendered":"<p>Os escritores Igor Pires e G\u00ea Coelho est\u00e3o entre os nomes divulgados na nova lista, que tem, ainda, outras grandes atra\u00e7\u00f5es.<\/p>\n","protected":false},"author":10,"featured_media":3685,"comment_status":"open","ping_status":"closed","sticky":false,"template":"","format":"standard","meta":{"footnotes":""},"categories":[1],"tags":[129,538,535,549,547,548],"class_list":["post-3684","post","type-post","status-publish","format-standard","has-post-thumbnail","hentry","category-cultura-e-turismo","tag-duque-de-caxias","tag-festa-literaria-de-duque-de-caxias","tag-fliduc","tag-ge-coelho","tag-igor-pires","tag-luiz-de-freitas"],"_links":{"self":[{"href":"https:\/\/smct.duquedecaxias.rj.gov.br\/noticias\/wp-json\/wp\/v2\/posts\/3684","targetHints":{"allow":["GET"]}}],"collection":[{"href":"https:\/\/smct.duquedecaxias.rj.gov.br\/noticias\/wp-json\/wp\/v2\/posts"}],"about":[{"href":"https:\/\/smct.duquedecaxias.rj.gov.br\/noticias\/wp-json\/wp\/v2\/types\/post"}],"author":[{"embeddable":true,"href":"https:\/\/smct.duquedecaxias.rj.gov.br\/noticias\/wp-json\/wp\/v2\/users\/10"}],"replies":[{"embeddable":true,"href":"https:\/\/smct.duquedecaxias.rj.gov.br\/noticias\/wp-json\/wp\/v2\/comments?post=3684"}],"version-history":[{"count":1,"href":"https:\/\/smct.duquedecaxias.rj.gov.br\/noticias\/wp-json\/wp\/v2\/posts\/3684\/revisions"}],"predecessor-version":[{"id":3688,"href":"https:\/\/smct.duquedecaxias.rj.gov.br\/noticias\/wp-json\/wp\/v2\/posts\/3684\/revisions\/3688"}],"wp:featuredmedia":[{"embeddable":true,"href":"https:\/\/smct.duquedecaxias.rj.gov.br\/noticias\/wp-json\/wp\/v2\/media\/3685"}],"wp:attachment":[{"href":"https:\/\/smct.duquedecaxias.rj.gov.br\/noticias\/wp-json\/wp\/v2\/media?parent=3684"}],"wp:term":[{"taxonomy":"category","embeddable":true,"href":"https:\/\/smct.duquedecaxias.rj.gov.br\/noticias\/wp-json\/wp\/v2\/categories?post=3684"},{"taxonomy":"post_tag","embeddable":true,"href":"https:\/\/smct.duquedecaxias.rj.gov.br\/noticias\/wp-json\/wp\/v2\/tags?post=3684"}],"curies":[{"name":"wp","href":"https:\/\/api.w.org\/{rel}","templated":true}]}}