{"id":3690,"date":"2026-09-02T09:27:44","date_gmt":"2026-09-02T17:27:44","guid":{"rendered":"https:\/\/smct.duquedecaxias.rj.gov.br\/noticias\/?p=3690"},"modified":"2026-09-02T09:27:44","modified_gmt":"2026-09-02T17:27:44","slug":"teatro-raul-cortez-traz-paulinho-serra-orquestra-petrobras-sinfonica-e-muito-mais-em-setembro","status":"publish","type":"post","link":"https:\/\/smct.duquedecaxias.rj.gov.br\/noticias\/teatro-raul-cortez-traz-paulinho-serra-orquestra-petrobras-sinfonica-e-muito-mais-em-setembro\/","title":{"rendered":"Teatro Raul Cortez traz Paulinho Serra, Orquestra Petrobras Sinf\u00f4nica e muito mais em setembro"},"content":{"rendered":"\n<p>No m\u00eas em que comemora 20 anos, o Teatro Municipal Raul Cortez, em Duque de Caxias, preparou uma programa\u00e7\u00e3o especial, com espet\u00e1culos gratuitos e a pre\u00e7os populares. Entre os destaques de setembro est\u00e3o: Paulinho Serra, Orquestra Petrobras Sinf\u00f4nica com Tributo a Cartola e duas sess\u00f5es com Raphael Ghanem em \u201cA carne s\u00f3 cai no prato do vegano\u201d.&nbsp;<\/p>\n\n\n\n<p>Paulinho Serra chega \u00e0 Baixada Fluminense com a com\u00e9dia 40+, um show em que o comediante dialoga com diferentes p\u00fablicos ao colocar em pauta o processo de amadurecimento, as rela\u00e7\u00f5es pessoais, a rotina e as transforma\u00e7\u00f5es da vida adulta. Com o uso do improviso, Paulinho interage diretamente com a plateia, o que torna cada espet\u00e1culo o \u00fanico.&nbsp;<\/p>\n\n\n\n<p>Outro em evid\u00eancia \u00e9 a Orquestra Petrobras Sinf\u00f4nica com o tributo a Cartola. Al\u00e9m de trazer um repert\u00f3rio repleto de cl\u00e1ssicos do cantor e compositor carioca, com arranjos de Marcelo Caldi, a Orquestra tamb\u00e9m vai homenagear as duas d\u00e9cadas de exist\u00eancia do Teatro Raul Cortez.&nbsp;<\/p>\n\n\n\n<p>Com duas sess\u00f5es, Raphael Ghanem protagoniza junto com a plateia o espet\u00e1culo \u201cA carne s\u00f3 cai no prato do vegano\u201d. Em estilo de talk show, a com\u00e9dia traz jogos de entrevistas e intera\u00e7\u00f5es com o p\u00fablico.&nbsp;<\/p>\n\n\n\n<p>Fique por dentro da programa\u00e7\u00e3o completa:&nbsp;<\/p>\n\n\n\n<p><strong>Murilo Couto<\/strong><\/p>\n\n\n\n<p>Data: 02 de setembro (quarta-feira);<\/p>\n\n\n\n<p>Hor\u00e1rio: 21h;<\/p>\n\n\n\n<p>Ingresso: a partir de R$70,00.<\/p>\n\n\n\n<p><strong>Paulinho Serra 40+<\/strong><\/p>\n\n\n\n<p>Data: 04 de setembro (sexta-feira);<\/p>\n\n\n\n<p>Hor\u00e1rio: 20h;<\/p>\n\n\n\n<p>Ingresso: a partir de R$30,00.<\/p>\n\n\n\n<p><strong>Arriba<\/strong><\/p>\n\n\n\n<p>Data: 05 de setembro (s\u00e1bado);<\/p>\n\n\n\n<p>Hor\u00e1rio: 19h;<\/p>\n\n\n\n<p>Ingresso: a partir de R$20,00.<\/p>\n\n\n\n<p><strong>Guerreiras<\/strong><\/p>\n\n\n\n<p>Data: 08 de setembro (ter\u00e7a-feira);<\/p>\n\n\n\n<p>Hor\u00e1rio: 16h;<\/p>\n\n\n\n<p>Ingresso: gratuito.<\/p>\n\n\n\n<p><strong>Welson Nunes<\/strong><\/p>\n\n\n\n<p>Data: 10 de setembro (quinta-feira);<\/p>\n\n\n\n<p>Hor\u00e1rio: 20h;<\/p>\n\n\n\n<p>Ingresso: a partir de R$40,00.<\/p>\n\n\n\n<p><strong>Concerto Sinf\u00f4nico Tempos da Brilhantina<\/strong><\/p>\n\n\n\n<p>Data: 12 de setembro (s\u00e1bado);<\/p>\n\n\n\n<p>Hor\u00e1rio: 18h;<\/p>\n\n\n\n<p>Ingresso: gratuito.<\/p>\n\n\n\n<p><strong>Do Livro ao Palco<\/strong><\/p>\n\n\n\n<p>Data: 15 de setembro (ter\u00e7a-feira);<\/p>\n\n\n\n<p>Hor\u00e1rio: 15h;<\/p>\n\n\n\n<p>Ingresso: gratuito.<\/p>\n\n\n\n<p><strong>Festival de Inverno ISEM<\/strong><\/p>\n\n\n\n<p>Data: 16 de setembro (quarta-feira);<\/p>\n\n\n\n<p>Hor\u00e1rio: 19h.<\/p>\n\n\n\n<p><strong>Ot\u00e1vio Almeida canta Cauby<\/strong><\/p>\n\n\n\n<p>Data: 17 de setembro (quinta-feira);<\/p>\n\n\n\n<p>Hor\u00e1rio: 19h;<\/p>\n\n\n\n<p>Ingresso: a partir de R$35,00.<\/p>\n\n\n\n<p><strong>Uma Noite Horripilante &#8211; Um Show Assustadoramente Engra\u00e7ado<\/strong><\/p>\n\n\n\n<p>Data: 18 de setembro (sexta-feira);<\/p>\n\n\n\n<p>Hor\u00e1rio: 20h;<\/p>\n\n\n\n<p>Ingresso: a partir de R$40,00.<\/p>\n\n\n\n<p><strong>Daniela Ara\u00fajo &#8211; A Turn\u00ea<\/strong><\/p>\n\n\n\n<p>Data: 19 de setembro (s\u00e1bado);<\/p>\n\n\n\n<p>Hor\u00e1rio: 20h;<\/p>\n\n\n\n<p>Ingresso: a partir de R$70,00.<\/p>\n\n\n\n<p><strong>Orquestra Petrobras Sinf\u00f4nica &#8211; Tributo a Cartola<\/strong><\/p>\n\n\n\n<p>Data: 23 de setembro (quarta-feira);<\/p>\n\n\n\n<p>Hor\u00e1rio: 18h;<\/p>\n\n\n\n<p>Ingresso: Solid\u00e1rio (1 kg de alimento n\u00e3o perec\u00edvel) R$2,00 + R$3,99 (taxa)<\/p>\n\n\n\n<p><strong>Os Dois &#8211; com Matheus Mattos e Lucio Sincero<\/strong><\/p>\n\n\n\n<p>Data: 24 de setembro (quinta-feira);<\/p>\n\n\n\n<p>Hor\u00e1rio: 20h;<\/p>\n\n\n\n<p>Ingresso: a partir de R$30,00.<\/p>\n\n\n\n<p><strong>Raphael Ghanem em \u201cA carne s\u00f3 cai no prato do vegano\u201d<\/strong><\/p>\n\n\n\n<p>Datas: 25 e 26 de setembro (sexta e s\u00e1bado);<\/p>\n\n\n\n<p>Hor\u00e1rios: 19h e 22h;<\/p>\n\n\n\n<p>Ingresso: a partir de R$90,00.<\/p>\n\n\n\n<p><strong>A Casa da Gabi<\/strong><\/p>\n\n\n\n<p>Data: 27 de setembro (domingo);<\/p>\n\n\n\n<p>Hor\u00e1rio: 15h;<\/p>\n\n\n\n<p>Ingresso: a partir de R$30,00.<\/p>\n\n\n\n<p>Os ingressos est\u00e3o dispon\u00edveis para compra no site do Teatro e do Sympla, pelos endere\u00e7os: <a href=\"https:\/\/linktr.ee\/teatroraulcortez_\">https:\/\/linktr.ee\/teatroraulcortez_<\/a> e <a href=\"https:\/\/www.sympla.com.br\/teatromraulcortez\">https:\/\/www.sympla.com.br\/teatromraulcortez<\/a> . O Teatro Municipal Raul Cortez fica localizado na Pra\u00e7a do Pacificador, S\/N, no Centro, em Duque de Caxias. A programa\u00e7\u00e3o est\u00e1 sujeita a altera\u00e7\u00e3o.&nbsp;<\/p>\n","protected":false},"excerpt":{"rendered":"<p>O m\u00eas marca os 20 anos do maior espa\u00e7o p\u00fablico de artes c\u00eanicas da Baixada Fluminense.  <\/p>\n","protected":false},"author":4,"featured_media":3691,"comment_status":"open","ping_status":"closed","sticky":false,"template":"","format":"standard","meta":{"footnotes":""},"categories":[1],"tags":[476,129,550,115],"class_list":["post-3690","post","type-post","status-publish","format-standard","has-post-thumbnail","hentry","category-cultura-e-turismo","tag-dica-de-teatro","tag-duque-de-caxias","tag-paulinho-serra","tag-teatro-raul-cortez"],"_links":{"self":[{"href":"https:\/\/smct.duquedecaxias.rj.gov.br\/noticias\/wp-json\/wp\/v2\/posts\/3690","targetHints":{"allow":["GET"]}}],"collection":[{"href":"https:\/\/smct.duquedecaxias.rj.gov.br\/noticias\/wp-json\/wp\/v2\/posts"}],"about":[{"href":"https:\/\/smct.duquedecaxias.rj.gov.br\/noticias\/wp-json\/wp\/v2\/types\/post"}],"author":[{"embeddable":true,"href":"https:\/\/smct.duquedecaxias.rj.gov.br\/noticias\/wp-json\/wp\/v2\/users\/4"}],"replies":[{"embeddable":true,"href":"https:\/\/smct.duquedecaxias.rj.gov.br\/noticias\/wp-json\/wp\/v2\/comments?post=3690"}],"version-history":[{"count":1,"href":"https:\/\/smct.duquedecaxias.rj.gov.br\/noticias\/wp-json\/wp\/v2\/posts\/3690\/revisions"}],"predecessor-version":[{"id":3692,"href":"https:\/\/smct.duquedecaxias.rj.gov.br\/noticias\/wp-json\/wp\/v2\/posts\/3690\/revisions\/3692"}],"wp:featuredmedia":[{"embeddable":true,"href":"https:\/\/smct.duquedecaxias.rj.gov.br\/noticias\/wp-json\/wp\/v2\/media\/3691"}],"wp:attachment":[{"href":"https:\/\/smct.duquedecaxias.rj.gov.br\/noticias\/wp-json\/wp\/v2\/media?parent=3690"}],"wp:term":[{"taxonomy":"category","embeddable":true,"href":"https:\/\/smct.duquedecaxias.rj.gov.br\/noticias\/wp-json\/wp\/v2\/categories?post=3690"},{"taxonomy":"post_tag","embeddable":true,"href":"https:\/\/smct.duquedecaxias.rj.gov.br\/noticias\/wp-json\/wp\/v2\/tags?post=3690"}],"curies":[{"name":"wp","href":"https:\/\/api.w.org\/{rel}","templated":true}]}}