{"id":3699,"date":"2026-09-03T14:00:53","date_gmt":"2026-09-03T22:00:53","guid":{"rendered":"https:\/\/smct.duquedecaxias.rj.gov.br\/noticias\/?p=3699"},"modified":"2026-09-03T14:00:53","modified_gmt":"2026-09-03T22:00:53","slug":"fliduc-divulga-programacao-completa-com-homenagem-ao-ator-raul-cortez","status":"publish","type":"post","link":"https:\/\/smct.duquedecaxias.rj.gov.br\/noticias\/fliduc-divulga-programacao-completa-com-homenagem-ao-ator-raul-cortez\/","title":{"rendered":"FLIDUC divulga programa\u00e7\u00e3o completa com homenagem ao ator Raul Cortez"},"content":{"rendered":"\n<p>Com nomes de peso j\u00e1 confirmados para a primeira edi\u00e7\u00e3o da Festa Liter\u00e1ria de Duque de Caxias (FLIDUC), dentre eles Concei\u00e7\u00e3o Evaristo, Djamila Ribeiro, Bia Bedran, Milton Cunha e Luiz Ant\u00f4nio Simas, a Secretaria Municipal de Cultura e Turismo divulga a programa\u00e7\u00e3o completa, com homenagem ao ator Raul Cortez (in memoriam) e mesas de conversa dedicadas \u00e0 literatura ind\u00edgena, maternidade at\u00edpica, cultura popular, intelig\u00eancia artificial e escritas LGBTQIA PN+ nos tr\u00eas palcos denominados: Biblioteca, Pra\u00e7a e Teatro.&nbsp;<\/p>\n\n\n\n<p>O evento que promete colocar o munic\u00edpio da Baixada Fluminense no circuito dos grandes festivais liter\u00e1rios brasileiros vai ocorrer entre os dias 23 e 26 de setembro, no Centro Cultural Oscar Niemeyer, espa\u00e7o onde abriga os principais equipamentos culturais da cidade: o Teatro Municipal Raul Cortez e a Biblioteca Municipal Governador Leonel de Moura Brizola. Ambos ir\u00e3o completar 20 e 22 anos em atividade nos dias 23 e 27 do mesmo m\u00eas, respectivamente.&nbsp;<\/p>\n\n\n\n<p>Em homenagem aos 20 anos de funda\u00e7\u00e3o do maior espa\u00e7o p\u00fablico de artes c\u00eanicas da Baixada Fluminense, o secret\u00e1rio da Pasta, Aroldo Brito, vai conceder, na data de abertura do evento, a Medalha \u201cRaul Cortez\u201d \u00e0 fam\u00edlia do ator como forma de reconhecimento, preserva\u00e7\u00e3o da mem\u00f3ria e do legado do artista que nomeia o teatro da cidade. A medalha tamb\u00e9m ser\u00e1 entregue a outras figuras importantes da cena cultural de Duque de Caxias.&nbsp;<\/p>\n\n\n\n<p>A realiza\u00e7\u00e3o da Festa Liter\u00e1ria vai garantir que, durante quatro dias, a cidade respire literatura, m\u00fasica, comunica\u00e7\u00e3o, audiovisual e entretenimento, com programa\u00e7\u00e3o pensada na diversidade cultural, na valoriza\u00e7\u00e3o dos artistas do munic\u00edpio e, principalmente, no acesso \u00e0 cultura.&nbsp;<\/p>\n\n\n\n<p>Confira a programa\u00e7\u00e3o completa:<\/p>\n\n\n\n<p><strong>Dia 23 de Setembro &#8211; Palco Biblioteca<\/strong><\/p>\n\n\n\n<p>9h (2\u00aa andar): Mesa com a Unigranrio &#8211; Escrita Criativa e Intelig\u00eancia Artificial. Convidados: Lilia Gon\u00e7alves, M\u00e1rcio Villa\u00e7a e media\u00e7\u00e3o de Anna Paula Lemos;<\/p>\n\n\n\n<p>13h30 (2\u00aa andar): Workshop &#8211; Rap e Marketing e Palestra \u201cEmpreendedorismo no Mercado Musical\u201d, com Victor David;<\/p>\n\n\n\n<p>15h (1\u00aa andar): Conta\u00e7\u00e3o de Hist\u00f3ria &#8211; M\u00e1rcia Oliveira: A Cesta de Dona Maricota;<\/p>\n\n\n\n<p>15h (2\u00aa andar): Lan\u00e7amento do livro \u201cBrizola (Volume I &#8211; Lobisomem contra o Imp\u00e9rio), da autora Karla Monteiro;<\/p>\n\n\n\n<p>15h (1\u00aa andar): Conta\u00e7\u00e3o de Hist\u00f3ria &#8211; M\u00e1rcia Oliveira: Que Lamban\u00e7a;<\/p>\n\n\n\n<p>16h (2\u00aa andar): Lan\u00e7amento do livro \u201cEu, Luiz de Freitas, Mr. Wonderful\u201d, com Luiz de Freitas;<\/p>\n\n\n\n<p>17h&nbsp; (2\u00aa andar): Mesa FEBF &#8211; Po\u00e9tica do Encanto. Convidados: M\u00e1rcio de Jagun, Kellen Dias e media\u00e7\u00e3o de Tarsilla de Brito;<\/p>\n\n\n\n<p>19h&nbsp; (2\u00aa andar): Workshop &#8211; Como publicar um livro. Convidada: Patr\u00edcia Mont\u00eas.<\/p>\n\n\n\n<p><strong>Dia 23 de Setembro &#8211; Palco Pra\u00e7a<\/strong><\/p>\n\n\n\n<p>15h: Mesa &#8211; Slam e Territ\u00f3rio: Narrativas da rua e o poder da palavra. Convidados: Mau\u00ed, King Saints e media\u00e7\u00e3o de Lohanna Alves;<\/p>\n\n\n\n<p>17h: Batalha do Raul Cortez.&nbsp;<\/p>\n\n\n\n<p><strong>Dia 23 de Setembro &#8211; Palco Teatro<\/strong><\/p>\n\n\n\n<p>9h: Abertura institucional com autoridades;<\/p>\n\n\n\n<p>10h: Palestra &#8220;Lugar de Fala\u201d, com Djamila Ribeiro e media\u00e7\u00e3o de Ingrid Milagres e Camila Portes. Seguida de sess\u00e3o de aut\u00f3grafos;<\/p>\n\n\n\n<p>14h: Show com conta\u00e7\u00e3o de hist\u00f3rias, com Bia Bedran. A abertura \u00e9 com apresenta\u00e7\u00e3o de ballet do \u201cProjeto Pequenos Passos\u201d;<\/p>\n\n\n\n<p>17h: Homenagem ao Raul Cortez em nome da fam\u00edlia do ator;<\/p>\n\n\n\n<p>18h: Apresenta\u00e7\u00e3o Musical com a Orquestra Petrobras Sinf\u00f4nica.&nbsp;<\/p>\n\n\n\n<p><strong>Dia 24 de Setembro &#8211; Palco Biblioteca<\/strong><\/p>\n\n\n\n<p>9h (2\u00aa andar): Mesa de Conversa &#8211; Unigranrio com o tema \u201cSala de Ensaio: a produ\u00e7\u00e3o teatral em tempos de isolamento social e a import\u00e2ncia do teatro para a sa\u00fade mental. Convidados: Ces\u00e1rio Gandhi, Vin\u00edcius Bai\u00e3o, Anna Paula Lemos e media\u00e7\u00e3o de M\u00e1rcia Barroso;&nbsp;<\/p>\n\n\n\n<p>&nbsp;10h (1\u00aa andar): Conta\u00e7\u00e3o de Hist\u00f3ria &#8211; O Lobo N\u00e3o Morde!;<\/p>\n\n\n\n<p>10h30 (1\u00aa andar): Conta\u00e7\u00e3o de Hist\u00f3ria &#8211; O Lobo N\u00e3o Morde!;<\/p>\n\n\n\n<p>11h (2\u00aa andar): Mesa de Conversa &#8211; FEBF com o tema \u201cPoesia e Doc\u00eancia\u201d. Convidados: Luciane Ceccopieri, Tha\u00eds Reis e media\u00e7\u00e3o de Kellen Dias;<\/p>\n\n\n\n<p>14h (1\u00aa andar): Conta\u00e7\u00e3o de Hist\u00f3rias, com Andressa e Larissa;<\/p>\n\n\n\n<p>14h30 (1\u00aa andar): Conta\u00e7\u00e3o de Hist\u00f3rias, com Andressa e Larissa;<\/p>\n\n\n\n<p>15h (1\u00aa andar): FEBF &#8211; Oficina de confec\u00e7\u00e3o e brincadeira de balangand\u00e3s em di\u00e1logo com o livro Gigi Balangand\u00e3, de Karin S\u00e1 Rego e Daniel Kondo, pela Cole\u00e7\u00e3o Escritinha, ministrada pela Prof. Dra. Luciana Pires Alves. (Para crian\u00e7as de 6 a 10 anos);<\/p>\n\n\n\n<p>15h (2\u00aa andar): Mesa de Conversa &#8211; Mem\u00f3rias e Hist\u00f3rias: Ra\u00edzes que sustentam o nosso presente. Convidados: Ant\u00f4nio Pitanga, Aroldo Brito, Cl\u00e9lio de Paula e media\u00e7\u00e3o de S\u00edlvio Guindane;<\/p>\n\n\n\n<p>15h30 (1\u00aa andar): N\u00f3s Somos Brasil: Marianne Muniz;&nbsp;<\/p>\n\n\n\n<p>17h (2\u00aa andar): Roda de Conversa &#8211; Pol\u00edticas P\u00fablicas para o Livro e Leitura (Bibliotecas Comunit\u00e1rias).<\/p>\n\n\n\n<p><strong>Dia 24 de Setembro &#8211; Palco Pra\u00e7a<\/strong><\/p>\n\n\n\n<p>10h: Apresenta\u00e7\u00e3o Cultural com MultiArte;&nbsp;<\/p>\n\n\n\n<p>14h:<strong> <\/strong>Apresenta\u00e7\u00e3o Cultural com MultiArte;<\/p>\n\n\n\n<p>16h: Mesa de Conversa &#8211; Oralidade e Escrita: Saberes Origin\u00e1rios e Literatura Ind\u00edgena. Convidados: Dau\u00e1 Puri, Ana Cristina, Luana Mendes, Pacari Patax\u00f3, Mavi Santana e media\u00e7\u00e3o de Ana Maria Kariri.<\/p>\n\n\n\n<p><strong>Dia 24 de Setembro &#8211; Palco Teatro<\/strong><\/p>\n\n\n\n<p>9h: Filme + Debate com cabine fechada do filme \u201cCris\u00e1lida\u201d. Convidado: S\u00edlvio Guindane;<\/p>\n\n\n\n<p>15h: Lan\u00e7amento de livro e palestra com o tema \u201cO poder da comunica\u00e7\u00e3o\u201d, com Cl\u00f3vis Monteiro;<\/p>\n\n\n\n<p>20h: Stand Up de Matheus Mattos.&nbsp;<\/p>\n\n\n\n<p><strong>Dia 25 de Setembro &#8211; Palco Biblioteca<\/strong><\/p>\n\n\n\n<p>9h (1\u00aa andar): Lan\u00e7amento do livro \u201cVeterin\u00e1rio Bernardo\u201d, com C\u00e2ndida Albertina;<\/p>\n\n\n\n<p>10h (1\u00aa andar): Conta\u00e7\u00e3o de Hist\u00f3ria &#8211; Baob\u00e1 \/ Nia A Menina dos Afetos e Ra\u00edzes que Gingham, com Shirlei Machado;<\/p>\n\n\n\n<p>10h30 (1\u00aa andar): Conta\u00e7\u00e3o de Hist\u00f3ria &#8211; Os bonecos de lata, com Ana Luiza;<\/p>\n\n\n\n<p>14h (1\u00aa andar): Conta\u00e7\u00e3o de Hist\u00f3ria &#8211; A Fada Laranja, com Tia R\u00e9gi;<\/p>\n\n\n\n<p>14h30 (1\u00aa andar): Conta\u00e7\u00e3o de Hist\u00f3ria &#8211; Uma Confus\u00e3o de Parar, com Larissa e Eliene;<\/p>\n\n\n\n<p>15h (1\u00aa andar): Conta\u00e7\u00e3o de Hist\u00f3ria &#8211; A Bruxa Ataca de Panela, com Larissa e Eliene;<\/p>\n\n\n\n<p>19h (2\u00aa andar): Bate Papo &#8211; LiteraCaxias: Quando Caxias virou literatura. Convidados: Marlon Souza, Kennedy Ramires e Nat\u00e1lia Higino.&nbsp;<\/p>\n\n\n\n<p><strong>Dia 25 de Setembro &#8211; Palco Pra\u00e7a<\/strong><\/p>\n\n\n\n<p>9h: Espa\u00e7o de fala das editoras;<\/p>\n\n\n\n<p>10h: Mesa de Conversa &#8211; Palavras que resistem: da dor do afeto \u00e0 voz da comunidade. Convidado: Igor Pires (Textos cru\u00e9is demais para serem lidos rapidamente) e G\u00ea Coelho (Favelismo: a revolu\u00e7\u00e3o que vem das favelas);<\/p>\n\n\n\n<p>15h: Mesa de Conversa &#8211; Samba, Identidade e Cultura Popular. Convidados: Prof. Luiz Ant\u00f4nio Simas, Leonardo Bruno e media\u00e7\u00e3o de Louiz Carlos;<\/p>\n\n\n\n<p>17h: Roda de Samba do Castelen, com Leonardo Bessa e Erick Fanuel.<\/p>\n\n\n\n<p><strong>Dia 25 de Setembro &#8211; Palco Teatro<\/strong><\/p>\n\n\n\n<p>9h: Palestra com Concei\u00e7\u00e3o Evaristo, com media\u00e7\u00e3o de Lucimar Felisberto. Seguida de sess\u00e3o de aut\u00f3grafos;<\/p>\n\n\n\n<p>15h: Mesa de Conversa &#8211; Mem\u00f3rias e Territ\u00f3rios: aspectos jur\u00eddicos, hist\u00f3ricos e educacionais da nossa forma\u00e7\u00e3o. Convidados: Dr. Fabr\u00edcio Gaspar (Procurador Geral do Munic\u00edpio de Duque de Caxias), Nielson Bezerra (Coord. Pgm P\u00f3s-gradua\u00e7\u00e3o em Educa\u00e7\u00e3o, Cultura e Comunica\u00e7\u00e3o em Periferias &#8211; PPGECC\/UERJ), T\u00e2nia Amaro (Diretora do Instituto Hist\u00f3rico da C\u00e2mara Municipal de Duque de Caxias) e media\u00e7\u00e3o de Sidney Oliveira (Presidente da Academia Duquecaxiense de Letras e Artes);<\/p>\n\n\n\n<p>19h: Stand Up &#8211; Raphael Ghanem (sess\u00e3o extra);<\/p>\n\n\n\n<p>21h: Stand Up &#8211; Raphael Ghanem.<\/p>\n\n\n\n<p><strong>Dia 26 de Setembro &#8211; Palco Biblioteca<\/strong><\/p>\n\n\n\n<p>9h (2\u00aa andar): Mesa de Conversa com a Unigranrio &#8211; A Import\u00e2ncia da Literatura no Combate \u00e0 Viol\u00eancia de G\u00eanero. Convidados: Liliane Mesquita, Simone Paulino e media\u00e7\u00e3o de Renan Moura;<\/p>\n\n\n\n<p>9h30 (1\u00aa andar): Conta\u00e7\u00e3o de Hist\u00f3ria &#8211; O menino que n\u00e3o tinha nome, com Patricia e Eliene;<\/p>\n\n\n\n<p>10h (1\u00aa andar): Conta\u00e7\u00e3o de Hist\u00f3ria &#8211; Maria vai com as outras, com Patricia e Eliene;<\/p>\n\n\n\n<p>10h30 (1\u00aa andar): Conta\u00e7\u00e3o de Hist\u00f3ria &#8211; Jo\u00e3o Jil\u00f3, com Patricia, e Roda de Leitura \u201cEncantando Carolina Maria de Jesus\u201d, mediada pela Prof. Dra. Adriana Correa. (Para crian\u00e7as de 5 a 9 anos);<\/p>\n\n\n\n<p>13h30 (1\u00aa andar): Conta\u00e7\u00e3o de Hist\u00f3ria, com a escritora Claudia;<\/p>\n\n\n\n<p>14h (1\u00aa andar): Conta\u00e7\u00e3o de Hist\u00f3ria &#8211; O mist\u00e9rio do rato sem rabo, com M\u00f4nica Menezes;<\/p>\n\n\n\n<p>14h30 (1\u00aa andar): Conta\u00e7\u00e3o de Hist\u00f3ria &#8211; Zulai, com Cris Costa;<\/p>\n\n\n\n<p>15h (2\u00aa andar): Bate Papo &#8211; Literatura Nerd: Quadrinhos, RPG e Boardgames. Convidados: Cristiane Ludgerio, Andressa Konno e Alex Genaro;<\/p>\n\n\n\n<p>17h (2\u00aa andar): Bate Papo &#8211; N\u00f3s somos quadrinistas: a viv\u00eancia e as perip\u00e9cias de se fazer quadrinhos no Rio de Janeiro e na Baixada. Convidados: Luma Rodrigues, Remo Branco, Hamilton Kabuna e Gabriel Paredes (Coletivo Caximbau).<\/p>\n\n\n\n<p><strong>Dia 26 de Setembro &#8211; Palco Pra\u00e7a<\/strong><\/p>\n\n\n\n<p>9h: Espa\u00e7o &#8211; Bibliotecas Comunit\u00e1rias. Apresenta\u00e7\u00e3o de Luar de Dan\u00e7a e Orquestra Som que&nbsp; transforma;<\/p>\n\n\n\n<p>14h: Mesa de Conversa &#8211; As outras margens da literatura: escritas LGBTQIAPN+. Convidados: Victor Marques, Yulle, Rina Rodriguez e media\u00e7\u00e3o de Marlon Souza;<\/p>\n\n\n\n<p>16h: Mesa de Conversa &#8211; Entre Literatura e o Autismo: maternidade, identidade e narrativas. Convidadas: Malu Miranda, Fabiana Esteves, Isis Esteves e media\u00e7\u00e3o de Thays Andrade.&nbsp;<\/p>\n\n\n\n<p><strong>Dia 26 de Setembro &#8211; Palco Teatro<\/strong><\/p>\n\n\n\n<p>14h: Mesa de Conversa &#8211; Samba e Carnaval: enredos, cr\u00f4nicas, est\u00e9tica e identidade. Abertura com apresenta\u00e7\u00e3o cultural da Pimpolhos da Grande Rio. Convidados: Milton Cunha (carnavalesco, apresentador e comentarista de carnaval da TV Globo), Ant\u00f4nio Gonzaga (carnavalesco da Escola de Samba Acad\u00eamicos do Grande Rio) e media\u00e7\u00e3o de Yasmin Menezes (Departamento Cultural da Escola de Samba Grande Rio) e de Gabriel Gomes (Departamento Cultural da Escola de Samba Grande Rio).&nbsp;<\/p>\n\n\n\n<p>19h: Stand Up &#8211; Raphael Ghanem;<\/p>\n\n\n\n<p>21h: Stand Up &#8211; Raphael Ghanem.<\/p>\n\n\n\n<p>O projeto foi contemplado pelos editais da Pol\u00edtica Nacional Aldir Blanc (PNAB), recebendo o fomento da Prefeitura de Duque de Caxias, por meio da Secretaria Municipal de Cultura e Turismo, com recursos do Minist\u00e9rio da Cultura, Governo Federal, e do Governo do Estado do Rio de Janeiro, por meio do Fundo Estadual de Cultura, da Secretaria de Estado de Cultura e Economia Criativa.<\/p>\n","protected":false},"excerpt":{"rendered":"<p>A Festa Liter\u00e1ria de Duque de Caxias est\u00e1 marcada para ocorrer nos dias 23 e 26 de setembro e promete movimentar a cidade. <\/p>\n","protected":false},"author":4,"featured_media":3700,"comment_status":"open","ping_status":"closed","sticky":false,"template":"","format":"standard","meta":{"footnotes":""},"categories":[1],"tags":[541,542,129,538,535],"class_list":["post-3699","post","type-post","status-publish","format-standard","has-post-thumbnail","hentry","category-cultura-e-turismo","tag-conceicao-evaristo","tag-djamila-ribeiro","tag-duque-de-caxias","tag-festa-literaria-de-duque-de-caxias","tag-fliduc"],"_links":{"self":[{"href":"https:\/\/smct.duquedecaxias.rj.gov.br\/noticias\/wp-json\/wp\/v2\/posts\/3699","targetHints":{"allow":["GET"]}}],"collection":[{"href":"https:\/\/smct.duquedecaxias.rj.gov.br\/noticias\/wp-json\/wp\/v2\/posts"}],"about":[{"href":"https:\/\/smct.duquedecaxias.rj.gov.br\/noticias\/wp-json\/wp\/v2\/types\/post"}],"author":[{"embeddable":true,"href":"https:\/\/smct.duquedecaxias.rj.gov.br\/noticias\/wp-json\/wp\/v2\/users\/4"}],"replies":[{"embeddable":true,"href":"https:\/\/smct.duquedecaxias.rj.gov.br\/noticias\/wp-json\/wp\/v2\/comments?post=3699"}],"version-history":[{"count":1,"href":"https:\/\/smct.duquedecaxias.rj.gov.br\/noticias\/wp-json\/wp\/v2\/posts\/3699\/revisions"}],"predecessor-version":[{"id":3701,"href":"https:\/\/smct.duquedecaxias.rj.gov.br\/noticias\/wp-json\/wp\/v2\/posts\/3699\/revisions\/3701"}],"wp:featuredmedia":[{"embeddable":true,"href":"https:\/\/smct.duquedecaxias.rj.gov.br\/noticias\/wp-json\/wp\/v2\/media\/3700"}],"wp:attachment":[{"href":"https:\/\/smct.duquedecaxias.rj.gov.br\/noticias\/wp-json\/wp\/v2\/media?parent=3699"}],"wp:term":[{"taxonomy":"category","embeddable":true,"href":"https:\/\/smct.duquedecaxias.rj.gov.br\/noticias\/wp-json\/wp\/v2\/categories?post=3699"},{"taxonomy":"post_tag","embeddable":true,"href":"https:\/\/smct.duquedecaxias.rj.gov.br\/noticias\/wp-json\/wp\/v2\/tags?post=3699"}],"curies":[{"name":"wp","href":"https:\/\/api.w.org\/{rel}","templated":true}]}}